{"id":248785,"date":"2026-03-10T13:01:55","date_gmt":"2026-03-10T16:01:55","guid":{"rendered":"https:\/\/corrientesdetarde.com\/?p=248785"},"modified":"2026-03-10T13:02:02","modified_gmt":"2026-03-10T16:02:02","slug":"se-lanza-la-campana-de-vacunacion-antigripal","status":"publish","type":"post","link":"https:\/\/corrientesdetarde.com\/index.php\/bienestar-y-salud\/se-lanza-la-campana-de-vacunacion-antigripal\/","title":{"rendered":"Se lanza la campa\u00f1a de vacunaci\u00f3n antigripal"},"content":{"rendered":"\n<p>El Gobierno Provincial a trav\u00e9s de los ministerios de Desarrollo Social y Salud iniciar\u00e1 el mi\u00e9rcoles 11 de marzo, a partir de las 10, la campa\u00f1a nacional de vacunaci\u00f3n para los adultos mayores.<\/p>\n\n\n\n<p>El ministerio de Desarrollo Social a trav\u00e9s del \u00c1rea de Adultos Mayores acompa\u00f1ar\u00e1&nbsp;esta campa\u00f1a, que se realizar\u00e1&nbsp;en el barrio Quintana Grupo 2 MZA 143 C14, calle 506 Club Jes\u00fas de Nazaret\u201d.<\/p>\n\n\n\n<p>Dicha campa\u00f1a est\u00e1 destinada a personas mayores de 65 a\u00f1os, sin prescripci\u00f3n m\u00e9dica; y est\u00e1 dirigida a la poblaci\u00f3n objetivo definida por el Calendario Nacional de Vacunaci\u00f3n. La decisi\u00f3n de adelantar su inicio responde al comportamiento epidemiol\u00f3gico observado en la regi\u00f3n, con circulaci\u00f3n temprana de virus respiratorios y la presencia de una nueva variante de influenza A (H3N2).<\/p>\n\n\n\n<figure class=\"wp-block-image size-large\"><img loading=\"lazy\" decoding=\"async\" width=\"1024\" height=\"1024\" src=\"https:\/\/corrientesdetarde.com\/wp-content\/uploads\/2026\/03\/image-243-1024x1024.png\" alt=\"\" class=\"wp-image-248787\" srcset=\"https:\/\/corrientesdetarde.com\/wp-content\/uploads\/2026\/03\/image-243-1024x1024.png 1024w, https:\/\/corrientesdetarde.com\/wp-content\/uploads\/2026\/03\/image-243-300x300.png 300w, https:\/\/corrientesdetarde.com\/wp-content\/uploads\/2026\/03\/image-243-150x150.png 150w, https:\/\/corrientesdetarde.com\/wp-content\/uploads\/2026\/03\/image-243-768x768.png 768w, https:\/\/corrientesdetarde.com\/wp-content\/uploads\/2026\/03\/image-243-1536x1536.png 1536w, https:\/\/corrientesdetarde.com\/wp-content\/uploads\/2026\/03\/image-243.png 1600w\" sizes=\"auto, (max-width: 1024px) 100vw, 1024px\" \/><\/figure>\n","protected":false},"excerpt":{"rendered":"<p>El Gobierno Provincial a trav\u00e9s de los ministerios de Desarrollo Social y Salud iniciar\u00e1 el mi\u00e9rcoles 11 de marzo, a partir de las 10, la campa\u00f1a nacional de vacunaci\u00f3n para&hellip; <\/p>\n","protected":false},"author":8,"featured_media":248786,"comment_status":"closed","ping_status":"open","sticky":false,"template":"","format":"standard","meta":{"footnotes":""},"categories":[16],"tags":[],"class_list":["post-248785","post","type-post","status-publish","format-standard","has-post-thumbnail","hentry","category-bienestar-y-salud"],"_links":{"self":[{"href":"https:\/\/corrientesdetarde.com\/index.php\/wp-json\/wp\/v2\/posts\/248785","targetHints":{"allow":["GET"]}}],"collection":[{"href":"https:\/\/corrientesdetarde.com\/index.php\/wp-json\/wp\/v2\/posts"}],"about":[{"href":"https:\/\/corrientesdetarde.com\/index.php\/wp-json\/wp\/v2\/types\/post"}],"author":[{"embeddable":true,"href":"https:\/\/corrientesdetarde.com\/index.php\/wp-json\/wp\/v2\/users\/8"}],"replies":[{"embeddable":true,"href":"https:\/\/corrientesdetarde.com\/index.php\/wp-json\/wp\/v2\/comments?post=248785"}],"version-history":[{"count":1,"href":"https:\/\/corrientesdetarde.com\/index.php\/wp-json\/wp\/v2\/posts\/248785\/revisions"}],"predecessor-version":[{"id":248788,"href":"https:\/\/corrientesdetarde.com\/index.php\/wp-json\/wp\/v2\/posts\/248785\/revisions\/248788"}],"wp:featuredmedia":[{"embeddable":true,"href":"https:\/\/corrientesdetarde.com\/index.php\/wp-json\/wp\/v2\/media\/248786"}],"wp:attachment":[{"href":"https:\/\/corrientesdetarde.com\/index.php\/wp-json\/wp\/v2\/media?parent=248785"}],"wp:term":[{"taxonomy":"category","embeddable":true,"href":"https:\/\/corrientesdetarde.com\/index.php\/wp-json\/wp\/v2\/categories?post=248785"},{"taxonomy":"post_tag","embeddable":true,"href":"https:\/\/corrientesdetarde.com\/index.php\/wp-json\/wp\/v2\/tags?post=248785"}],"curies":[{"name":"wp","href":"https:\/\/api.w.org\/{rel}","templated":true}]}}