{"id":248789,"date":"2026-03-10T13:03:41","date_gmt":"2026-03-10T16:03:41","guid":{"rendered":"https:\/\/corrientesdetarde.com\/?p=248789"},"modified":"2026-03-10T13:03:48","modified_gmt":"2026-03-10T16:03:48","slug":"el-icaa-y-facena-unne-actualizaron-convenio-para-el-monitoreo-de-la-calidad-del-agua-en-corrientes","status":"publish","type":"post","link":"https:\/\/corrientesdetarde.com\/index.php\/informacion-general\/el-icaa-y-facena-unne-actualizaron-convenio-para-el-monitoreo-de-la-calidad-del-agua-en-corrientes\/","title":{"rendered":"El ICAA y FaCENA-UNNE actualizaron convenio para el monitoreo de la calidad del agua en Corrientes"},"content":{"rendered":"\n<p>En una reuni\u00f3n institucional, representantes del Instituto Correntino del Agua y del Ambiente (ICAA) y de la Facultad de Ciencias Exactas y Naturales y Agrimensura (FaCENA) de la Universidad Nacional del Nordeste (UNNE) actualizaron el convenio de trabajo articulado para el monitoreo de la calidad del agua de los recursos h\u00eddricos de la provincia de Corrientes.<\/p>\n\n\n\n<p>El administrador general del ICAA, ing. agr\u00f3n Sebasti\u00e1n Perborell, junto a la bioqu\u00edmica Ana Meza, coordinadora de la Gerencia de Gesti\u00f3n Ambiental, recibieron al especialista Juan Daniel Ruiz D\u00edaz, secretario de Extensi\u00f3n Universitaria y director del Laboratorio de Qu\u00edmica Ambiental de FaCENA.<\/p>\n\n\n\n<p>Durante el encuentro se formaliz\u00f3 una instancia de trabajo destinada a elaborar una agenda com\u00fan de actividades para el a\u00f1o 2026. En ese marco, se abord\u00f3 la importancia de fortalecer la cooperaci\u00f3n institucional entre ambas entidades, con el objetivo de optimizar recursos econ\u00f3micos, humanos y t\u00e9cnicos para consolidar el monitoreo de calidad de agua de los recursos h\u00eddricos de la provincia.<\/p>\n\n\n\n<p>Se reactivaron acuerdos existentes entre el ICAA y FACENA, orientados a generar informaci\u00f3n anal\u00edtica y cient\u00edfica sobre el estado de los recursos h\u00eddricos de la provincia, contribuyendo a la toma de decisiones y a la gesti\u00f3n ambiental sostenible.<\/p>\n\n\n\n<figure class=\"wp-block-image size-large\"><img loading=\"lazy\" decoding=\"async\" width=\"768\" height=\"1024\" src=\"https:\/\/corrientesdetarde.com\/wp-content\/uploads\/2026\/03\/image-245-768x1024.png\" alt=\"\" class=\"wp-image-248791\" srcset=\"https:\/\/corrientesdetarde.com\/wp-content\/uploads\/2026\/03\/image-245-768x1024.png 768w, https:\/\/corrientesdetarde.com\/wp-content\/uploads\/2026\/03\/image-245-225x300.png 225w, https:\/\/corrientesdetarde.com\/wp-content\/uploads\/2026\/03\/image-245-1152x1536.png 1152w, https:\/\/corrientesdetarde.com\/wp-content\/uploads\/2026\/03\/image-245.png 1200w\" sizes=\"auto, (max-width: 768px) 100vw, 768px\" \/><\/figure>\n","protected":false},"excerpt":{"rendered":"<p>En una reuni\u00f3n institucional, representantes del Instituto Correntino del Agua y del Ambiente (ICAA) y de la Facultad de Ciencias Exactas y Naturales y Agrimensura (FaCENA) de la Universidad Nacional&hellip; <\/p>\n","protected":false},"author":8,"featured_media":248790,"comment_status":"closed","ping_status":"open","sticky":false,"template":"","format":"standard","meta":{"footnotes":""},"categories":[1],"tags":[],"class_list":["post-248789","post","type-post","status-publish","format-standard","has-post-thumbnail","hentry","category-informacion-general"],"_links":{"self":[{"href":"https:\/\/corrientesdetarde.com\/index.php\/wp-json\/wp\/v2\/posts\/248789","targetHints":{"allow":["GET"]}}],"collection":[{"href":"https:\/\/corrientesdetarde.com\/index.php\/wp-json\/wp\/v2\/posts"}],"about":[{"href":"https:\/\/corrientesdetarde.com\/index.php\/wp-json\/wp\/v2\/types\/post"}],"author":[{"embeddable":true,"href":"https:\/\/corrientesdetarde.com\/index.php\/wp-json\/wp\/v2\/users\/8"}],"replies":[{"embeddable":true,"href":"https:\/\/corrientesdetarde.com\/index.php\/wp-json\/wp\/v2\/comments?post=248789"}],"version-history":[{"count":1,"href":"https:\/\/corrientesdetarde.com\/index.php\/wp-json\/wp\/v2\/posts\/248789\/revisions"}],"predecessor-version":[{"id":248792,"href":"https:\/\/corrientesdetarde.com\/index.php\/wp-json\/wp\/v2\/posts\/248789\/revisions\/248792"}],"wp:featuredmedia":[{"embeddable":true,"href":"https:\/\/corrientesdetarde.com\/index.php\/wp-json\/wp\/v2\/media\/248790"}],"wp:attachment":[{"href":"https:\/\/corrientesdetarde.com\/index.php\/wp-json\/wp\/v2\/media?parent=248789"}],"wp:term":[{"taxonomy":"category","embeddable":true,"href":"https:\/\/corrientesdetarde.com\/index.php\/wp-json\/wp\/v2\/categories?post=248789"},{"taxonomy":"post_tag","embeddable":true,"href":"https:\/\/corrientesdetarde.com\/index.php\/wp-json\/wp\/v2\/tags?post=248789"}],"curies":[{"name":"wp","href":"https:\/\/api.w.org\/{rel}","templated":true}]}}