{"id":248796,"date":"2026-03-10T13:42:23","date_gmt":"2026-03-10T16:42:23","guid":{"rendered":"https:\/\/corrientesdetarde.com\/?p=248796"},"modified":"2026-03-10T13:42:29","modified_gmt":"2026-03-10T16:42:29","slug":"empresarios-de-la-construccion-se-reunieron-con-el-vicegobernador-de-corrientes","status":"publish","type":"post","link":"https:\/\/corrientesdetarde.com\/index.php\/eventossociedad\/empresarios-de-la-construccion-se-reunieron-con-el-vicegobernador-de-corrientes\/","title":{"rendered":"Empresarios de la construcci\u00f3n se reunieron con el Vicegobernador de Corrientes"},"content":{"rendered":"\n<p>Di\u00e1logo por la Dinamizaci\u00f3n Productiva\u201d<\/p>\n\n\n\n<p>En el Sal\u00f3n de Acuerdos de la Legislatura provincial se llev\u00f3 a cabo una reuni\u00f3n entre el vicegobernador Pedro Braillard Poccard y representantes de la C\u00e1mara de la Construcci\u00f3n, encabezados por su presidente, el ingeniero Gustavo Rosello, junto a empresarios del sector.<br>Durante el encuentro se analiz\u00f3 la situaci\u00f3n actual de la actividad, marcada por la fuerte ca\u00edda de la obra p\u00fablica a partir del retiro del Estado nacional de proyectos estructurales vinculados a viviendas, obras h\u00eddricas, viales y escolares.<br>En ese contexto, el vicegobernador, en su car\u00e1cter de presidente del Senado, expres\u00f3 la predisposici\u00f3n del Poder Legislativo a colaborar con el sector en todo lo relacionado con la legislaci\u00f3n necesaria para acompa\u00f1ar y fortalecer la actividad. Asimismo, destac\u00f3 que el Gobierno provincial mantiene las puertas abiertas para abordar junto a los distintos sectores productivos los desaf\u00edos que atraviesan.<br>Por su parte, Rosello expuso las dificultades que enfrenta actualmente la construcci\u00f3n, se\u00f1alando que la retirada de la Naci\u00f3n de la obra p\u00fablica dej\u00f3 a las provincias con un conjunto de proyectos que no pueden ser cubiertos en su totalidad. Indic\u00f3 que Corrientes pudo asumir algunas iniciativas vinculadas a viviendas, escuelas y centros de desarrollo infantil, aunque la magnitud de las obras pendientes supera las posibilidades provinciales.<br>Como consecuencia de esta situaci\u00f3n, advirti\u00f3 que el nivel de empleo en el sector se encuentra entre los m\u00e1s bajos de la historia reciente. Actualmente se registran alrededor de 1.400 trabajadores ocupados en toda la provincia, una cifra muy distante de los cerca de 12.000 puestos de trabajo que lleg\u00f3 a generar la actividad en a\u00f1os anteriores. Esta ca\u00edda provoca que muchos trabajadores migren hacia otras actividades o hacia otras jurisdicciones.<br>El titular de la C\u00e1mara tambi\u00e9n se\u00f1al\u00f3 que la actividad privada atraviesa un contexto complejo, condicionado por factores macroecon\u00f3micos, el elevado costo del metro cuadrado y la falta de financiamiento. Esto provoca que el mercado inmobiliario se incline mayormente hacia la compra y venta de inmuebles usados, en detrimento de nuevos proyectos de construcci\u00f3n.<br>No obstante, Rosello destac\u00f3 que el empresariado correntino cuenta con la capacidad t\u00e9cnica y profesional para desarrollar todo tipo de obras, desde infraestructura portuaria y defensas costeras hasta edificios de alta complejidad, remarcando la importancia de generar condiciones que permitan que las empresas locales puedan trabajar y desarrollarse en la propia provincia.<br>En ese sentido, propuso avanzar en una agenda conjunta que permita impulsar el desarrollo urbano, facilitar inversiones privadas y agilizar los tiempos administrativos en \u00e1reas como Catastro y otras dependencias vinculadas a la aprobaci\u00f3n de proyectos. Tambi\u00e9n plante\u00f3 la necesidad de promover nuevas urbanizaciones y lotes con infraestructura b\u00e1sica \u2014agua, cloacas, energ\u00eda, desag\u00fces pluviales y otras obras\u2014 que permitan dinamizar el sector.<br>Finalmente, el vicegobernador Braillard Poccard remarc\u00f3 que la filosof\u00eda del Gobierno provincial es clara: \u201cEl mayor logro que podemos tener es que la gente tenga trabajo, y el trabajo lo genera el sector privado\u201d, reafirmando as\u00ed la voluntad de continuar trabajando de manera conjunta para impulsar el desarrollo y la generaci\u00f3n de empleo en la provincia.<\/p>\n","protected":false},"excerpt":{"rendered":"<p>Di\u00e1logo por la Dinamizaci\u00f3n Productiva\u201d En el Sal\u00f3n de Acuerdos de la Legislatura provincial se llev\u00f3 a cabo una reuni\u00f3n entre el vicegobernador Pedro Braillard Poccard y representantes de la&hellip; <\/p>\n","protected":false},"author":8,"featured_media":248797,"comment_status":"closed","ping_status":"open","sticky":false,"template":"","format":"standard","meta":{"footnotes":""},"categories":[1208],"tags":[],"class_list":["post-248796","post","type-post","status-publish","format-standard","has-post-thumbnail","hentry","category-eventossociedad"],"_links":{"self":[{"href":"https:\/\/corrientesdetarde.com\/index.php\/wp-json\/wp\/v2\/posts\/248796","targetHints":{"allow":["GET"]}}],"collection":[{"href":"https:\/\/corrientesdetarde.com\/index.php\/wp-json\/wp\/v2\/posts"}],"about":[{"href":"https:\/\/corrientesdetarde.com\/index.php\/wp-json\/wp\/v2\/types\/post"}],"author":[{"embeddable":true,"href":"https:\/\/corrientesdetarde.com\/index.php\/wp-json\/wp\/v2\/users\/8"}],"replies":[{"embeddable":true,"href":"https:\/\/corrientesdetarde.com\/index.php\/wp-json\/wp\/v2\/comments?post=248796"}],"version-history":[{"count":1,"href":"https:\/\/corrientesdetarde.com\/index.php\/wp-json\/wp\/v2\/posts\/248796\/revisions"}],"predecessor-version":[{"id":248798,"href":"https:\/\/corrientesdetarde.com\/index.php\/wp-json\/wp\/v2\/posts\/248796\/revisions\/248798"}],"wp:featuredmedia":[{"embeddable":true,"href":"https:\/\/corrientesdetarde.com\/index.php\/wp-json\/wp\/v2\/media\/248797"}],"wp:attachment":[{"href":"https:\/\/corrientesdetarde.com\/index.php\/wp-json\/wp\/v2\/media?parent=248796"}],"wp:term":[{"taxonomy":"category","embeddable":true,"href":"https:\/\/corrientesdetarde.com\/index.php\/wp-json\/wp\/v2\/categories?post=248796"},{"taxonomy":"post_tag","embeddable":true,"href":"https:\/\/corrientesdetarde.com\/index.php\/wp-json\/wp\/v2\/tags?post=248796"}],"curies":[{"name":"wp","href":"https:\/\/api.w.org\/{rel}","templated":true}]}}