{"id":248802,"date":"2026-03-10T14:23:03","date_gmt":"2026-03-10T17:23:03","guid":{"rendered":"https:\/\/corrientesdetarde.com\/?p=248802"},"modified":"2026-03-10T14:23:17","modified_gmt":"2026-03-10T17:23:17","slug":"se-conocio-el-proyecto-de-boca-para-ampliar-la-bombonera-como-seria-la-obra-para-llegar-a-80-mil-lugares","status":"publish","type":"post","link":"https:\/\/corrientesdetarde.com\/index.php\/deportes\/se-conocio-el-proyecto-de-boca-para-ampliar-la-bombonera-como-seria-la-obra-para-llegar-a-80-mil-lugares\/","title":{"rendered":"Se conoci\u00f3 el proyecto de Boca para ampliar la Bombonera: c\u00f3mo ser\u00eda la obra para llegar a 80 mil lugares"},"content":{"rendered":"\n<p>El Xeneize oficializar\u00e1 el inicio de los trabajos en el estadio con el objetivo de casi duplicar la capacidad<\/p>\n\n\n\n<p>En las \u00faltimas horas se conocieron\u00a0<strong>detalles del proyecto que impulsar\u00e1 la dirigencia de\u00a0Boca\u00a0para\u00a0ampliar la capacidad de la Bombonera<\/strong>, una iniciativa que apunta a sumar miles de lugares sin mudarse del hist\u00f3rico estadio.<\/p>\n\n\n\n<p>La idea principal incluye&nbsp;<strong>la construcci\u00f3n de una cuarta bandeja<\/strong>, adem\u00e1s de otras modificaciones estructurales que permitir\u00edan acercarse a los&nbsp;<strong>80 mil espectadores<\/strong>&nbsp;en el Alberto J. Armando.<\/p>\n\n\n\n<p>La propuesta todav\u00eda no fue presentada oficialmente por el club, pero distintos detalles del plan fueron confirmados internamente y generaron fuerte expectativa entre los hinchas. Para el fan\u00e1tico,&nbsp;<strong>es un tema crucial por el cual se vienen pidiendo respuestas desde la instituci\u00f3n<\/strong>&nbsp;para resolver las cuestiones relacionadas a la capacidad del estadio.<\/p>\n\n\n\n<h2 class=\"wp-block-heading\">C\u00f3mo ser\u00eda la ampliaci\u00f3n de la Bombonera: el proyecto de Riquelme<\/h2>\n\n\n\n<figure class=\"wp-block-image\"><img decoding=\"async\" src=\"https:\/\/tn.com.ar\/resizer\/v2\/foto-ap-BJ3TH3KU7JBJ3MT4REC6SA7MO4.jpg?auth=672eec1c56165524973fbb62cb6d3e78259a2295fa4711eadd219a0614518610&amp;width=767\" alt=\"(Foto: AP)\"\/><\/figure>\n\n\n\n<p>El eje central del proyecto es&nbsp;<strong>agregar una cuarta bandeja en el sector donde hoy est\u00e1 la platea preferencial<\/strong>, lo que permitir\u00eda aumentar significativamente la capacidad del estadio.<\/p>\n\n\n\n<p>La obra contemplar\u00eda&nbsp;<strong>reconfigurar esa zona del estadio y construir nuevas tribunas superiores<\/strong>, lo que ampliar\u00eda el aforo actual y modificar\u00eda la estructura de uno de los sectores m\u00e1s emblem\u00e1ticos de la cancha.<\/p>\n\n\n\n<p>El objetivo de la dirigencia es&nbsp;<strong>sumar varios miles de lugares m\u00e1s<\/strong>&nbsp;para acercarse a una capacidad cercana a&nbsp;<strong>80 mil espectadores<\/strong>. Adem\u00e1s de la ampliaci\u00f3n de tribunas, el proyecto tambi\u00e9n incluir\u00eda:<\/p>\n\n\n\n<ul class=\"wp-block-list\">\n<li><strong>Mejoras en accesos y circulaci\u00f3n interna<\/strong>\u00a0del estadio.<\/li>\n\n\n\n<li><strong>Modernizaci\u00f3n de sectores de plateas y palcos<\/strong>.<\/li>\n\n\n\n<li>Nuevos espacios de servicios para los hinchas.<\/li>\n\n\n\n<li>Una\u00a0<strong>experiencia m\u00e1s moderna para el p\u00fablico<\/strong>\u00a0dentro del estadio.<\/li>\n<\/ul>\n\n\n\n<p>La idea es que la Bombonera mantenga su identidad hist\u00f3rica, pero con infraestructura adaptada a las demandas actuales.<\/p>\n\n\n\n<h2 class=\"wp-block-heading\">El plan de Boca para quedarse en su estadio hist\u00f3rico<\/h2>\n\n\n\n<figure class=\"wp-block-image\"><img decoding=\"async\" src=\"https:\/\/tn.com.ar\/resizer\/v2\/la-postal-del-mural-de-juan-roman-riquelme-y-lionel-messi-en-la-bombonera-foto-nico-gonzalez-tn-CTXZCTFAY5CHXMY6WAFNBIZB5E.jpg?auth=4ba46b23925e6c7784f5c602136d18506b4ec6cf85d2251d02e6e4d181a8b200&amp;width=767\" alt=\"La postal del mural de Juan Rom\u00e1n Riquelme y Lionel Messi en la Bombonera. (Foto: Nico Gonz\u00e1lez-TN)\"\/><\/figure>\n\n\n\n<p>El debate sobre el estadio lleva a\u00f1os en el mundo Boca:&nbsp;<strong>ampliar la Bombonera o construir una cancha nueva<\/strong>. En los \u00faltimos tiempos, la dirigencia se inclin\u00f3 por&nbsp;<strong>permanecer en el estadio actual y buscar alternativas de expansi\u00f3n<\/strong>.<\/p>\n\n\n\n<p>Por eso surgi\u00f3 este proyecto que apuesta a&nbsp;<strong>crecer dentro del mismo predio<\/strong>, con una obra que aumentar\u00eda considerablemente la capacidad sin abandonar el barrio de La Boca.<\/p>\n\n\n\n<p>La iniciativa tambi\u00e9n busca responder a un problema hist\u00f3rico del club:&nbsp;<strong>la enorme cantidad de socios que no consiguen entradas para los partidos<\/strong>.<\/p>\n\n\n\n<p>Si el proyecto avanza,&nbsp;<strong>ser\u00eda una de las modificaciones m\u00e1s importantes en la historia reciente del estadio<\/strong>, con el objetivo de ampliar su capacidad y modernizar la experiencia del p\u00fablico sin perder la m\u00edstica que lo convirti\u00f3 en uno de los escenarios m\u00e1s emblem\u00e1ticos del f\u00fatbol mundial.<\/p>\n","protected":false},"excerpt":{"rendered":"<p>El Xeneize oficializar\u00e1 el inicio de los trabajos en el estadio con el objetivo de casi duplicar la capacidad En las \u00faltimas horas se conocieron\u00a0detalles del proyecto que impulsar\u00e1 la&hellip; <\/p>\n","protected":false},"author":8,"featured_media":248803,"comment_status":"closed","ping_status":"open","sticky":false,"template":"","format":"standard","meta":{"footnotes":""},"categories":[4],"tags":[],"class_list":["post-248802","post","type-post","status-publish","format-standard","has-post-thumbnail","hentry","category-deportes"],"_links":{"self":[{"href":"https:\/\/corrientesdetarde.com\/index.php\/wp-json\/wp\/v2\/posts\/248802","targetHints":{"allow":["GET"]}}],"collection":[{"href":"https:\/\/corrientesdetarde.com\/index.php\/wp-json\/wp\/v2\/posts"}],"about":[{"href":"https:\/\/corrientesdetarde.com\/index.php\/wp-json\/wp\/v2\/types\/post"}],"author":[{"embeddable":true,"href":"https:\/\/corrientesdetarde.com\/index.php\/wp-json\/wp\/v2\/users\/8"}],"replies":[{"embeddable":true,"href":"https:\/\/corrientesdetarde.com\/index.php\/wp-json\/wp\/v2\/comments?post=248802"}],"version-history":[{"count":1,"href":"https:\/\/corrientesdetarde.com\/index.php\/wp-json\/wp\/v2\/posts\/248802\/revisions"}],"predecessor-version":[{"id":248804,"href":"https:\/\/corrientesdetarde.com\/index.php\/wp-json\/wp\/v2\/posts\/248802\/revisions\/248804"}],"wp:featuredmedia":[{"embeddable":true,"href":"https:\/\/corrientesdetarde.com\/index.php\/wp-json\/wp\/v2\/media\/248803"}],"wp:attachment":[{"href":"https:\/\/corrientesdetarde.com\/index.php\/wp-json\/wp\/v2\/media?parent=248802"}],"wp:term":[{"taxonomy":"category","embeddable":true,"href":"https:\/\/corrientesdetarde.com\/index.php\/wp-json\/wp\/v2\/categories?post=248802"},{"taxonomy":"post_tag","embeddable":true,"href":"https:\/\/corrientesdetarde.com\/index.php\/wp-json\/wp\/v2\/tags?post=248802"}],"curies":[{"name":"wp","href":"https:\/\/api.w.org\/{rel}","templated":true}]}}