{"id":248805,"date":"2026-03-10T14:34:13","date_gmt":"2026-03-10T17:34:13","guid":{"rendered":"https:\/\/corrientesdetarde.com\/?p=248805"},"modified":"2026-03-10T14:34:22","modified_gmt":"2026-03-10T17:34:22","slug":"desde-el-inicio-de-la-guerra-iran-detuvo-a-30-personas-y-las-acuso-de-ser-espias-de-israel-y-ee-uu","status":"publish","type":"post","link":"https:\/\/corrientesdetarde.com\/index.php\/internacionales\/desde-el-inicio-de-la-guerra-iran-detuvo-a-30-personas-y-las-acuso-de-ser-espias-de-israel-y-ee-uu\/","title":{"rendered":"Desde el inicio de la guerra, Ir\u00e1n detuvo a 30 personas y las acus\u00f3 de ser esp\u00edas de Israel y EE.UU."},"content":{"rendered":"\n<p>Las autoridades iran\u00edes<strong>&nbsp;detuvieron a 30 personas desde el comienzo de la guerra<\/strong>. Seg\u00fan precisaron desde el Ministerio de Inteligencia, fueron acusadas de&nbsp;<strong>ser esp\u00edas, mercenarios y agentes al servicio de Israel y Estados Unidos.<\/strong><\/p>\n\n\n\n<p>De acuerdo a lo informado por el gobierno a la agencia oficial Tasnim, se trata de personas que han sido detenidas en varias partes del pa\u00eds y que en algunos casos son extranjeras. Sin embargo, no se brindaron mayores detalles de las nacionalidades ni tampoco de d\u00f3nde est\u00e1n.<br>Seg\u00fan las autoridades iran\u00edes, estos detenidos espiaban y enviaban informaci\u00f3n a Israel y Estados Unidos sobre la ubicaci\u00f3n y los movimientos de las fuerzas militares y policiales iran\u00edes y las instalaciones de defensa del pa\u00eds.<\/p>\n\n\n\n<p>Tras ello, explicaron que uno de los detenidos estuvo 10 a\u00f1os entren\u00e1ndose en el extranjero y regres\u00f3 a Ir\u00e1n para formar una c\u00e9lula en una provincia del suroeste de Ir\u00e1n.&nbsp;Por otro lado, las fuerzas de inteligencia tambi\u00e9n arrestaron a dos miembros de un grupo separatista, no detallaron de qu\u00e9 pa\u00eds, e incautaron un cargamento militar con 10 fusiles y centenares de cartuchos de munici\u00f3n que supuestamente iban a ser usados \u200b\u200bpor este grupo para atacar a Ir\u00e1n.<\/p>\n\n\n\n<p>El arresto de personas acusadas de ser esp\u00edas de Israel aument\u00f3 durante la anterior ofensiva israel\u00ed y estadounidense en Ir\u00e1n en junio. Tambi\u00e9n se incrementaron las ejecuciones de los mismos.\u00a0Organizaciones como Amnist\u00eda Internacional denunciaron entonces que las autoridades iran\u00edes han respondido a los ataques procedentes de Israel\u00a0<strong>&#8220;deteniendo a periodistas y ejecutando a prisioneros&#8221;\u00a0<\/strong>acusados \u200b\u200bde ser esp\u00edas israel\u00edes.\u00a0<\/p>\n","protected":false},"excerpt":{"rendered":"<p>Las autoridades iran\u00edes&nbsp;detuvieron a 30 personas desde el comienzo de la guerra. Seg\u00fan precisaron desde el Ministerio de Inteligencia, fueron acusadas de&nbsp;ser esp\u00edas, mercenarios y agentes al servicio de Israel&hellip; <\/p>\n","protected":false},"author":8,"featured_media":248806,"comment_status":"closed","ping_status":"open","sticky":false,"template":"","format":"standard","meta":{"footnotes":""},"categories":[11],"tags":[],"class_list":["post-248805","post","type-post","status-publish","format-standard","has-post-thumbnail","hentry","category-internacionales"],"_links":{"self":[{"href":"https:\/\/corrientesdetarde.com\/index.php\/wp-json\/wp\/v2\/posts\/248805","targetHints":{"allow":["GET"]}}],"collection":[{"href":"https:\/\/corrientesdetarde.com\/index.php\/wp-json\/wp\/v2\/posts"}],"about":[{"href":"https:\/\/corrientesdetarde.com\/index.php\/wp-json\/wp\/v2\/types\/post"}],"author":[{"embeddable":true,"href":"https:\/\/corrientesdetarde.com\/index.php\/wp-json\/wp\/v2\/users\/8"}],"replies":[{"embeddable":true,"href":"https:\/\/corrientesdetarde.com\/index.php\/wp-json\/wp\/v2\/comments?post=248805"}],"version-history":[{"count":1,"href":"https:\/\/corrientesdetarde.com\/index.php\/wp-json\/wp\/v2\/posts\/248805\/revisions"}],"predecessor-version":[{"id":248807,"href":"https:\/\/corrientesdetarde.com\/index.php\/wp-json\/wp\/v2\/posts\/248805\/revisions\/248807"}],"wp:featuredmedia":[{"embeddable":true,"href":"https:\/\/corrientesdetarde.com\/index.php\/wp-json\/wp\/v2\/media\/248806"}],"wp:attachment":[{"href":"https:\/\/corrientesdetarde.com\/index.php\/wp-json\/wp\/v2\/media?parent=248805"}],"wp:term":[{"taxonomy":"category","embeddable":true,"href":"https:\/\/corrientesdetarde.com\/index.php\/wp-json\/wp\/v2\/categories?post=248805"},{"taxonomy":"post_tag","embeddable":true,"href":"https:\/\/corrientesdetarde.com\/index.php\/wp-json\/wp\/v2\/tags?post=248805"}],"curies":[{"name":"wp","href":"https:\/\/api.w.org\/{rel}","templated":true}]}}