{"id":248811,"date":"2026-03-10T15:13:29","date_gmt":"2026-03-10T18:13:29","guid":{"rendered":"https:\/\/corrientesdetarde.com\/?p=248811"},"modified":"2026-03-10T15:13:54","modified_gmt":"2026-03-10T18:13:54","slug":"mujeres-referentes-del-carnaval-reflexionaran-sobre-la-evolucion-del-rol-femenino-en-los-corsos-correntinos","status":"publish","type":"post","link":"https:\/\/corrientesdetarde.com\/index.php\/cultura\/mujeres-referentes-del-carnaval-reflexionaran-sobre-la-evolucion-del-rol-femenino-en-los-corsos-correntinos\/","title":{"rendered":"Mujeres referentes del Carnaval reflexionar\u00e1n sobre la evoluci\u00f3n del rol femenino en los corsos correntinos"},"content":{"rendered":"\n<p><em>Ser\u00e1 este mi\u00e9rcoles, en el Museo del Carnaval Correntino, con la participaci\u00f3n de referentes de distintas comparsas que compartir\u00e1n su experiencia y mirada sobre el rol femenino en esta tradicional fiesta popular.<\/em><br>&nbsp;<\/p>\n\n\n\n<p>Organizado por el Instituto de Cultura de Corrientes, en el marco del ciclo \u201cCultura en clave de mujer\u201d, este mi\u00e9rcoles 11 de marzo,&nbsp;a las 20, se realizar\u00e1 el panel \u201cMusas y Reinas: Evoluci\u00f3n de la Mujer en el Carnaval\u201d, en el Museo del Carnaval Correntino (Pellegrini 494).<\/p>\n\n\n\n<p>Esta actividad en el marco del Mes de la Mujer, invita a dialogar sobre el lugar que tienen en la actualidad las mujeres en el Carnaval, y c\u00f3mo fue su evoluci\u00f3n a lo largo de los a\u00f1os en una de las mayores fiestas populares de la provincia.<\/p>\n\n\n\n<p>Participar\u00e1n de la mesa importantes representantes de las comparsas: Copacabana, Sapucay, Arand\u00fa Beleza, Ara Ber\u00e1, con Milena Camafreyta como moderadora.<\/p>\n\n\n\n<p><strong>Integrar\u00e1n el panel:<\/strong><\/p>\n\n\n\n<p><strong>-Nidia Alicia Billinghurst:<\/strong>&nbsp;Reina de Copacabana y del Carnaval en 1978, Reina de elegancia en 1979 por Copacabana y primera bastonera de Sapucay y Reina de Belleza ese a\u00f1o por esta misma comparsa.<\/p>\n\n\n\n<p><strong>-Mar\u00eda Beatriz Vallejos Schulze:<\/strong>&nbsp;Reina Nacional del Carnaval 2006, comparsa Sapucay. En 2010 volvi\u00f3 a hacer historia al ser nuevamente Reina del Carnaval de Corrientes.<\/p>\n\n\n\n<p><strong>-Bel\u00e9n Jantus:<\/strong>&nbsp;Reina de Copacabana y del Carnaval Correntino 1976. Fue presidenta de la Comparsa Sapucay, y presidente de la Federaci\u00f3n de Comparsas y Agrupaciones Musicales.<\/p>\n\n\n\n<p><strong>-Zulma Noce:<\/strong>&nbsp;es b\u00e1sicamente una apasionada de nuestro Carnaval, desde muy peque\u00f1a. Ella reconoce que lo que le gusta \u201ces bailar, pisar el cors\u00f3dromo con mis compa\u00f1eros, la adrenalina de recorrer la pista\u201d. Desfil\u00f3 por varias comparsas hasta que su coraz\u00f3n se ancl\u00f3 en Arand\u00fa Beleza.<\/p>\n\n\n\n<p><strong>-Mar\u00eda Victoria Arg\u00fcelles Dijou:<\/strong>&nbsp;Embajadora Cultural Nacional del Carnaval 2018 por la Comparsa Ara Ber\u00e1, donde participa desde los 16 a\u00f1os. Gran bastonera de comparsa. Embajadora permanente del Carnaval de Corrientes, recibi\u00f3 adem\u00e1s los premios de Mejor traje del carnaval en 2018 y 2024.<\/p>\n\n\n\n<p>Luego de la exposici\u00f3n y el intercambio entre las participantes, se realizar\u00e1 un cierre art\u00edstico a cargo de Puk\u00e1 que deleitar\u00e1 a los presentes con un repertorio de bossa nova y la intervenci\u00f3n art\u00edstica en body paint a cargo de Sabrina P\u00e9rez de Sabrynart Make Up Studio.<\/p>\n\n\n\n<p>Durante todo el mes de marzo, el Instituto de Cultura presidido por Lourdes S\u00e1nchez rinde homenaje y busca dar voz a las mujeres que son protagonistas de la cultura correntina, a trav\u00e9s de una nutrida agenda de actividades en el marco del ciclo \u201cCultura en clave de mujer\u201d.<\/p>\n\n\n\n<figure class=\"wp-block-image size-large\"><img loading=\"lazy\" decoding=\"async\" width=\"819\" height=\"1024\" src=\"https:\/\/corrientesdetarde.com\/wp-content\/uploads\/2026\/03\/image-250-819x1024.png\" alt=\"\" class=\"wp-image-248812\" srcset=\"https:\/\/corrientesdetarde.com\/wp-content\/uploads\/2026\/03\/image-250-819x1024.png 819w, https:\/\/corrientesdetarde.com\/wp-content\/uploads\/2026\/03\/image-250-240x300.png 240w, https:\/\/corrientesdetarde.com\/wp-content\/uploads\/2026\/03\/image-250-768x960.png 768w, https:\/\/corrientesdetarde.com\/wp-content\/uploads\/2026\/03\/image-250.png 1080w\" sizes=\"auto, (max-width: 819px) 100vw, 819px\" \/><\/figure>\n\n\n\n<figure class=\"wp-block-image size-large\"><img loading=\"lazy\" decoding=\"async\" width=\"819\" height=\"1024\" src=\"https:\/\/corrientesdetarde.com\/wp-content\/uploads\/2026\/03\/image-251-819x1024.png\" alt=\"\" class=\"wp-image-248813\" srcset=\"https:\/\/corrientesdetarde.com\/wp-content\/uploads\/2026\/03\/image-251-819x1024.png 819w, https:\/\/corrientesdetarde.com\/wp-content\/uploads\/2026\/03\/image-251-240x300.png 240w, https:\/\/corrientesdetarde.com\/wp-content\/uploads\/2026\/03\/image-251-768x960.png 768w, https:\/\/corrientesdetarde.com\/wp-content\/uploads\/2026\/03\/image-251.png 1080w\" sizes=\"auto, (max-width: 819px) 100vw, 819px\" \/><\/figure>\n\n\n\n<figure class=\"wp-block-image size-large\"><img loading=\"lazy\" decoding=\"async\" width=\"819\" height=\"1024\" src=\"https:\/\/corrientesdetarde.com\/wp-content\/uploads\/2026\/03\/image-252-819x1024.png\" alt=\"\" class=\"wp-image-248814\" srcset=\"https:\/\/corrientesdetarde.com\/wp-content\/uploads\/2026\/03\/image-252-819x1024.png 819w, https:\/\/corrientesdetarde.com\/wp-content\/uploads\/2026\/03\/image-252-240x300.png 240w, https:\/\/corrientesdetarde.com\/wp-content\/uploads\/2026\/03\/image-252-768x960.png 768w, https:\/\/corrientesdetarde.com\/wp-content\/uploads\/2026\/03\/image-252.png 1080w\" sizes=\"auto, (max-width: 819px) 100vw, 819px\" \/><\/figure>\n\n\n\n<figure class=\"wp-block-image size-large\"><img loading=\"lazy\" decoding=\"async\" width=\"819\" height=\"1024\" src=\"https:\/\/corrientesdetarde.com\/wp-content\/uploads\/2026\/03\/image-253-819x1024.png\" alt=\"\" class=\"wp-image-248815\" srcset=\"https:\/\/corrientesdetarde.com\/wp-content\/uploads\/2026\/03\/image-253-819x1024.png 819w, https:\/\/corrientesdetarde.com\/wp-content\/uploads\/2026\/03\/image-253-240x300.png 240w, https:\/\/corrientesdetarde.com\/wp-content\/uploads\/2026\/03\/image-253-768x960.png 768w, https:\/\/corrientesdetarde.com\/wp-content\/uploads\/2026\/03\/image-253.png 1080w\" sizes=\"auto, (max-width: 819px) 100vw, 819px\" \/><\/figure>\n","protected":false},"excerpt":{"rendered":"<p>Ser\u00e1 este mi\u00e9rcoles, en el Museo del Carnaval Correntino, con la participaci\u00f3n de referentes de distintas comparsas que compartir\u00e1n su experiencia y mirada sobre el rol femenino en esta tradicional&hellip; <\/p>\n","protected":false},"author":8,"featured_media":248813,"comment_status":"closed","ping_status":"open","sticky":false,"template":"","format":"standard","meta":{"footnotes":""},"categories":[15,22],"tags":[],"class_list":["post-248811","post","type-post","status-publish","format-standard","has-post-thumbnail","hentry","category-cultura","category-eventos"],"_links":{"self":[{"href":"https:\/\/corrientesdetarde.com\/index.php\/wp-json\/wp\/v2\/posts\/248811","targetHints":{"allow":["GET"]}}],"collection":[{"href":"https:\/\/corrientesdetarde.com\/index.php\/wp-json\/wp\/v2\/posts"}],"about":[{"href":"https:\/\/corrientesdetarde.com\/index.php\/wp-json\/wp\/v2\/types\/post"}],"author":[{"embeddable":true,"href":"https:\/\/corrientesdetarde.com\/index.php\/wp-json\/wp\/v2\/users\/8"}],"replies":[{"embeddable":true,"href":"https:\/\/corrientesdetarde.com\/index.php\/wp-json\/wp\/v2\/comments?post=248811"}],"version-history":[{"count":1,"href":"https:\/\/corrientesdetarde.com\/index.php\/wp-json\/wp\/v2\/posts\/248811\/revisions"}],"predecessor-version":[{"id":248816,"href":"https:\/\/corrientesdetarde.com\/index.php\/wp-json\/wp\/v2\/posts\/248811\/revisions\/248816"}],"wp:featuredmedia":[{"embeddable":true,"href":"https:\/\/corrientesdetarde.com\/index.php\/wp-json\/wp\/v2\/media\/248813"}],"wp:attachment":[{"href":"https:\/\/corrientesdetarde.com\/index.php\/wp-json\/wp\/v2\/media?parent=248811"}],"wp:term":[{"taxonomy":"category","embeddable":true,"href":"https:\/\/corrientesdetarde.com\/index.php\/wp-json\/wp\/v2\/categories?post=248811"},{"taxonomy":"post_tag","embeddable":true,"href":"https:\/\/corrientesdetarde.com\/index.php\/wp-json\/wp\/v2\/tags?post=248811"}],"curies":[{"name":"wp","href":"https:\/\/api.w.org\/{rel}","templated":true}]}}