{"id":248817,"date":"2026-03-10T15:19:23","date_gmt":"2026-03-10T18:19:23","guid":{"rendered":"https:\/\/corrientesdetarde.com\/?p=248817"},"modified":"2026-03-10T15:19:27","modified_gmt":"2026-03-10T18:19:27","slug":"ian-lucas-mostro-lo-que-hizo-para-olvidarse-del-escandalo-con-evangelina-anderson-y-sus-fans-lo-aplaudieron","status":"publish","type":"post","link":"https:\/\/corrientesdetarde.com\/index.php\/espectaculos\/ian-lucas-mostro-lo-que-hizo-para-olvidarse-del-escandalo-con-evangelina-anderson-y-sus-fans-lo-aplaudieron\/","title":{"rendered":"Ian Lucas mostr\u00f3 lo que hizo para olvidarse del esc\u00e1ndalo con Evangelina Anderson y sus fans lo aplaudieron"},"content":{"rendered":"\n<p>El joven se sinti\u00f3 ninguneado por la modelo y decidi\u00f3 alejarse de ella de forma definitiva.<\/p>\n\n\n\n<p><strong>Ian Lucas<\/strong>\u00a0vivi\u00f3 d\u00edas dif\u00edciles tras la filtraci\u00f3n de sus\u00a0<strong>fotos bes\u00e1ndose con Evangelina Anderson<\/strong>, quien sali\u00f3 a decir que nunca tuvieron ning\u00fan tipo de v\u00ednculo amoroso.<\/p>\n\n\n\n<p>La bailarina tambi\u00e9n asegur\u00f3 que uni\u00f3 sus labios a los de \u00e9l porque sus compa\u00f1eros de&nbsp;<em>MasterChef Celebrity (Telefe)&nbsp;<\/em>gritaban que se dieran un pico. \u201cNo puedo reconocer ni blanquear una relaci\u00f3n o v\u00ednculo que para m\u00ed no pas\u00f3, que&nbsp;<strong>para m\u00ed no fue m\u00e1s que un compa\u00f1ero de trabajo<\/strong>\u201d, lanz\u00f3 en&nbsp;<em>Cort\u00e1 por Lozano (Telefe)&nbsp;<\/em>para desligarse del joven.<\/p>\n\n\n\n<p>Para despegarse del esc\u00e1ndalo,&nbsp;<strong>Ian Lucas se fue del pa\u00eds.&nbsp;<\/strong>Primero aterriz\u00f3 en M\u00e9xico para reencontrarse con su amigo<strong>&nbsp;Fede Vigevani,<\/strong>&nbsp;con quien brilla en YouTube y varios pa\u00edses.<\/p>\n\n\n\n<figure class=\"wp-block-image\"><img decoding=\"async\" src=\"https:\/\/tn.com.ar\/resizer\/v2\/ian-lucas-se-fue-a-mexico-a-grabar-contenido-con-fede-vigevani-foto-instagramianlucas-VLZHBLCGBZDTZISCCGR4P43VZA.jpg?auth=03e79116fdaee5c9ccc46f5715273c128e5748d14f96ea4d90c424dd42ba9cb5&amp;width=767\" alt=\"Ian Lucas se fue a M\u00e9xico a grabar contenido con Fede Vigevani. (Foto: instagram\/ianlucas)\"\/><\/figure>\n\n\n\n<p>Sus seguidores lo vieron sonre\u00edr y celebraron que haya recuperado la alegr\u00eda&nbsp;<strong>para crear contenido para sus fans<\/strong>, quienes esperan verlos pronto sobre el escenario.<\/p>\n\n\n\n<h2 class=\"wp-block-heading\">El descargo de Ian Lucas sobre su affaire con Evangelina Anderson<\/h2>\n\n\n\n<p>&#8220;<strong>Soy bueno, pero no bolud*<\/strong>. Por respeto, eleg\u00ed guardar silencio durante mucho tiempo frente a tanto destrato conmigo, incluso cuando&nbsp;<strong>se dijeron cosas que no reflejaban lo que yo viv\u00ed con esa persona<\/strong>. Siempre trat\u00e9 de manejarme con respeto y cuidar a quienes forman parte de mi vida. Me cri\u00f3 mi mam\u00e1, y si hay algo que s\u00e9 es de respetar a las mujeres y la caballerosidad&#8221;, escribi\u00f3 el joven en Instagram luego de que aparecieran fotos a los besos con Eva Anderson.<\/p>\n\n\n\n<figure class=\"wp-block-image\"><img decoding=\"async\" src=\"https:\/\/tn.com.ar\/resizer\/v2\/una-de-las-fotos-de-ian-lucas-y-evangelina-anderson-a-los-besos-foto-sqp-5UB2XXPKPRBPPFJLXZ2D22IRFE.jpg?auth=abe9544c37f9e70f7b97ce10a6888ca84c8eec7cc3afd05f04ce1da5b53860a9&amp;width=767\" alt=\"Una de las fotos de Ian Lucas y Evangelina Anderson a los besos. (Foto: SQP)\"\/><\/figure>\n\n\n\n<p>Luego, agreg\u00f3: \u201cEn todas las declaraciones ajenas&nbsp;<strong>se ningunea el cari\u00f1o que realmente existi\u00f3 en esa intimidad<\/strong>. Sinceramente, l\u00e1stima ver como&nbsp;<strong>esa persona lo desmerece y lo desmiente reiteradamente<\/strong>&nbsp;cada vez que tiene oportunidad, sin importar como me pueda sentir yo con esa mentira. Sobre todo cuando la historia siempre fue otra&#8221;.<\/p>\n\n\n\n<figure class=\"wp-block-image\"><img decoding=\"async\" src=\"https:\/\/tn.com.ar\/resizer\/v2\/el-beso-entre-evangelina-anderson-y-ian-lucas-foto-captura-x-sqpoficial-7CESCEWLM5GQBBFQ3IYAQF23WM.JPG?auth=810e940558dc5e66ab3b03c51d846131ad9e04afc1dc4af552d95a16df282a08&amp;width=767\" alt=\"El beso entre Evangelina Anderson y Ian Lucas (Foto: Captura X \/ sqp_oficial)\"\/><\/figure>\n\n\n\n<p>Por \u00faltimo, la destroz\u00f3 asegurando que para \u00e9l los afectos nunca fueron marketing. \u201cLo que sent\u00ed fue sincero y lo viv\u00ed desde un lugar genuino. No voy a entrar en detalles ni exponer situaciones privadas, porque no es mi forma de hacer las cosas. Solo quiero aclarar que<strong>lo que viv\u00ed fue real<\/strong>\u201c, cerr\u00f3 con el coraz\u00f3n roto.<\/p>\n","protected":false},"excerpt":{"rendered":"<p>El joven se sinti\u00f3 ninguneado por la modelo y decidi\u00f3 alejarse de ella de forma definitiva. Ian Lucas\u00a0vivi\u00f3 d\u00edas dif\u00edciles tras la filtraci\u00f3n de sus\u00a0fotos bes\u00e1ndose con Evangelina Anderson, quien&hellip; <\/p>\n","protected":false},"author":8,"featured_media":248818,"comment_status":"closed","ping_status":"open","sticky":false,"template":"","format":"standard","meta":{"footnotes":""},"categories":[19],"tags":[],"class_list":["post-248817","post","type-post","status-publish","format-standard","has-post-thumbnail","hentry","category-espectaculos"],"_links":{"self":[{"href":"https:\/\/corrientesdetarde.com\/index.php\/wp-json\/wp\/v2\/posts\/248817","targetHints":{"allow":["GET"]}}],"collection":[{"href":"https:\/\/corrientesdetarde.com\/index.php\/wp-json\/wp\/v2\/posts"}],"about":[{"href":"https:\/\/corrientesdetarde.com\/index.php\/wp-json\/wp\/v2\/types\/post"}],"author":[{"embeddable":true,"href":"https:\/\/corrientesdetarde.com\/index.php\/wp-json\/wp\/v2\/users\/8"}],"replies":[{"embeddable":true,"href":"https:\/\/corrientesdetarde.com\/index.php\/wp-json\/wp\/v2\/comments?post=248817"}],"version-history":[{"count":1,"href":"https:\/\/corrientesdetarde.com\/index.php\/wp-json\/wp\/v2\/posts\/248817\/revisions"}],"predecessor-version":[{"id":248819,"href":"https:\/\/corrientesdetarde.com\/index.php\/wp-json\/wp\/v2\/posts\/248817\/revisions\/248819"}],"wp:featuredmedia":[{"embeddable":true,"href":"https:\/\/corrientesdetarde.com\/index.php\/wp-json\/wp\/v2\/media\/248818"}],"wp:attachment":[{"href":"https:\/\/corrientesdetarde.com\/index.php\/wp-json\/wp\/v2\/media?parent=248817"}],"wp:term":[{"taxonomy":"category","embeddable":true,"href":"https:\/\/corrientesdetarde.com\/index.php\/wp-json\/wp\/v2\/categories?post=248817"},{"taxonomy":"post_tag","embeddable":true,"href":"https:\/\/corrientesdetarde.com\/index.php\/wp-json\/wp\/v2\/tags?post=248817"}],"curies":[{"name":"wp","href":"https:\/\/api.w.org\/{rel}","templated":true}]}}