{"id":248820,"date":"2026-03-10T15:33:58","date_gmt":"2026-03-10T18:33:58","guid":{"rendered":"https:\/\/corrientesdetarde.com\/?p=248820"},"modified":"2026-03-10T15:34:04","modified_gmt":"2026-03-10T18:34:04","slug":"el-gobernador-pedira-a-intendentes-mejorar-la-recaudacion-porque-el-deficit-municipal-ya-no-se-puede-cubrir","status":"publish","type":"post","link":"https:\/\/corrientesdetarde.com\/index.php\/politica\/el-gobernador-pedira-a-intendentes-mejorar-la-recaudacion-porque-el-deficit-municipal-ya-no-se-puede-cubrir\/","title":{"rendered":"el Gobernador pedir\u00e1 a intendentes mejorar la recaudaci\u00f3n porque el d\u00e9ficit municipal ya no se puede cubrir"},"content":{"rendered":"\n<p>Tras el regreso del gobernador Juan Pablo Vald\u00e9s de EE.UU funcionarios del ministerio de Coordinaci\u00f3n de la provincia a trav\u00e9s de sus diferentes \u00e1reas, acelerar\u00e1n ante intendentes para que levanten los porcentajes de recaudaci\u00f3n de sus distritos que llegan a un s\u00f3lo un promedio de 5%.<\/p>\n\n\n\n<p>Nada para lo que necesitan. Entre $16 a $20 millones mensuales para funcionar por s\u00ed solas, pero solamente recaudan hasta $1.000.000.<\/p>\n\n\n\n<p>Los env\u00edos de Aportes No Reintegrables a los intendentes o bien, adelantos de coparticipaci\u00f3n todos los meses. \u00bfEsos salvavidas financieros se terminaron? O se terminar\u00e1n.<\/p>\n\n\n\n<p>Vientos de cambios en la tierra del chamam\u00e9. La onda expansiva de las pol\u00edticas econ\u00f3micas libertarias, llegan a las puertas de los intendentes correntinos.<\/p>\n\n\n\n<p>Deber\u00e1n empezar a repuntar su recaudaci\u00f3n propia para dejar de depender del respirador artificial del Gobierno de la provincia, a trav\u00e9s de aportes no reintegrables o adelantos de coparticipaci\u00f3n todos los meses.<\/p>\n\n\n\n<p>\u00a1No hay plata! Ese mantra libertario de Javier Milei ahora tiene un eco en la provincia, el gobernador Juan Pablo Vald\u00e9s, durante todo el verano habl\u00f3 con los intendentes de este tema. Hay que empezar a depender de uno mismo, ante la incesante ca\u00edda de recursos federales producto de la baja recaudaci\u00f3n, consecuencia a su vez de la ca\u00edda del consumo en todo el pa\u00eds. \u201cNo sabemos hasta cu\u00e1ndo va a seguir as\u00ed\u201d, pronostic\u00f3 el gobernador antes de su viaje a EE.UU en busca de inversiones.<\/p>\n\n\n\n<p>En los despachos oficiales de la Gobernaci\u00f3n correntina no cierran los n\u00fameros de los intendentes: por mes necesitan entre $16, $18 y hasta $20 millones, para saldar haberes de sus empleados y prestar los servicios b\u00e1sicos de un municipio. Limpieza, barrido, alumbrado p\u00fablico, seguridad vial, centros comunitarios y la atenci\u00f3n social, por ejemplo, los comedores comunitarios que cada vez tienen m\u00e1s comensales.<\/p>\n","protected":false},"excerpt":{"rendered":"<p>Tras el regreso del gobernador Juan Pablo Vald\u00e9s de EE.UU funcionarios del ministerio de Coordinaci\u00f3n de la provincia a trav\u00e9s de sus diferentes \u00e1reas, acelerar\u00e1n ante intendentes para que levanten&hellip; <\/p>\n","protected":false},"author":8,"featured_media":248822,"comment_status":"closed","ping_status":"open","sticky":false,"template":"","format":"standard","meta":{"footnotes":""},"categories":[3],"tags":[],"class_list":["post-248820","post","type-post","status-publish","format-standard","has-post-thumbnail","hentry","category-politica"],"_links":{"self":[{"href":"https:\/\/corrientesdetarde.com\/index.php\/wp-json\/wp\/v2\/posts\/248820","targetHints":{"allow":["GET"]}}],"collection":[{"href":"https:\/\/corrientesdetarde.com\/index.php\/wp-json\/wp\/v2\/posts"}],"about":[{"href":"https:\/\/corrientesdetarde.com\/index.php\/wp-json\/wp\/v2\/types\/post"}],"author":[{"embeddable":true,"href":"https:\/\/corrientesdetarde.com\/index.php\/wp-json\/wp\/v2\/users\/8"}],"replies":[{"embeddable":true,"href":"https:\/\/corrientesdetarde.com\/index.php\/wp-json\/wp\/v2\/comments?post=248820"}],"version-history":[{"count":1,"href":"https:\/\/corrientesdetarde.com\/index.php\/wp-json\/wp\/v2\/posts\/248820\/revisions"}],"predecessor-version":[{"id":248823,"href":"https:\/\/corrientesdetarde.com\/index.php\/wp-json\/wp\/v2\/posts\/248820\/revisions\/248823"}],"wp:featuredmedia":[{"embeddable":true,"href":"https:\/\/corrientesdetarde.com\/index.php\/wp-json\/wp\/v2\/media\/248822"}],"wp:attachment":[{"href":"https:\/\/corrientesdetarde.com\/index.php\/wp-json\/wp\/v2\/media?parent=248820"}],"wp:term":[{"taxonomy":"category","embeddable":true,"href":"https:\/\/corrientesdetarde.com\/index.php\/wp-json\/wp\/v2\/categories?post=248820"},{"taxonomy":"post_tag","embeddable":true,"href":"https:\/\/corrientesdetarde.com\/index.php\/wp-json\/wp\/v2\/tags?post=248820"}],"curies":[{"name":"wp","href":"https:\/\/api.w.org\/{rel}","templated":true}]}}