{"id":248835,"date":"2026-03-10T20:39:28","date_gmt":"2026-03-10T23:39:28","guid":{"rendered":"https:\/\/corrientesdetarde.com\/?p=248835"},"modified":"2026-03-10T20:39:40","modified_gmt":"2026-03-10T23:39:40","slug":"el-historiador-gonzalo-aguirre-presento-su-libro-sobre-la-historia-de-la-policia-de-corrientes","status":"publish","type":"post","link":"https:\/\/corrientesdetarde.com\/index.php\/eventos\/el-historiador-gonzalo-aguirre-presento-su-libro-sobre-la-historia-de-la-policia-de-corrientes\/","title":{"rendered":"El historiador Gonzalo Aguirre present\u00f3 su libro sobre la historia de la Polic\u00eda de Corrientes"},"content":{"rendered":"\n<p>El martes por la ma\u00f1ana, la Biblioteca de la Honorable Legislatura de la Provincia de Corrientes fue el escenario para la presentaci\u00f3n del libro \u201cHistoria de la Polic\u00eda de Corrientes\u201d, obra del profesor de Historia, investigador correntino y Sargento de la Polic\u00eda, Gonzalo Aguirre.<\/p>\n\n\n\n<p>\u201cEleg\u00ed presentar mi libro en la Biblioteca de la Legislatura en agradecimiento, ya que durante un a\u00f1o me recibieron y ayudaron en la investigaci\u00f3n para la redacci\u00f3n de mi primera obra\u201d, expres\u00f3 el autor.<\/p>\n\n\n\n<p>Cabe destacar que Aguirre ha publicado art\u00edculos entre los que se destacan trabajos como La costanera de Corrientes: el nuevo balc\u00f3n del Paran\u00e1 (1929\u20131951), La influencia del contexto hist\u00f3rico en la vida del general San Mart\u00edn, Los ascensos jer\u00e1rquicos de San Mart\u00edn en su carrera militar y estudios sobre los or\u00edgenes institucionales de la seguridad p\u00fablica en la provincia.<\/p>\n\n\n\n<p>En su libro, Aguirre propone una investigaci\u00f3n que busca acercar al p\u00fablico a los or\u00edgenes y la evoluci\u00f3n hist\u00f3rica de la Polic\u00eda de la Provincia de Corrientes. La obra examina distintas hip\u00f3tesis sobre su creaci\u00f3n \u2014ubicadas en los a\u00f1os 1821, 1824 y 1827\u2014 y analiza tambi\u00e9n antecedentes coloniales vinculados a la organizaci\u00f3n del orden p\u00fablico.<\/p>\n\n\n\n<p>En ese marco, se abordan figuras institucionales del per\u00edodo colonial como el Alguacil Mayor, responsable del orden y la seguridad dentro del ejido urbano, y el Alcalde de la Santa Hermandad, encargado de la prevenci\u00f3n y persecuci\u00f3n de delitos en zonas rurales, caminos comerciales y poblados de campa\u00f1a.<\/p>\n\n\n\n<p>La presentaci\u00f3n de la obra se inscribe en las actividades culturales impulsadas por la Biblioteca de la Honorable Legislatura, orientadas a promover la investigaci\u00f3n, la producci\u00f3n intelectual y la difusi\u00f3n de la historia y la identidad correntina.<\/p>\n\n\n\n<figure class=\"wp-block-image size-large\"><img loading=\"lazy\" decoding=\"async\" width=\"1024\" height=\"680\" src=\"https:\/\/corrientesdetarde.com\/wp-content\/uploads\/2026\/03\/image-260-1024x680.png\" alt=\"\" class=\"wp-image-248841\" srcset=\"https:\/\/corrientesdetarde.com\/wp-content\/uploads\/2026\/03\/image-260-1024x680.png 1024w, https:\/\/corrientesdetarde.com\/wp-content\/uploads\/2026\/03\/image-260-300x199.png 300w, https:\/\/corrientesdetarde.com\/wp-content\/uploads\/2026\/03\/image-260-768x510.png 768w, https:\/\/corrientesdetarde.com\/wp-content\/uploads\/2026\/03\/image-260.png 1136w\" sizes=\"auto, (max-width: 1024px) 100vw, 1024px\" \/><\/figure>\n","protected":false},"excerpt":{"rendered":"<p>El martes por la ma\u00f1ana, la Biblioteca de la Honorable Legislatura de la Provincia de Corrientes fue el escenario para la presentaci\u00f3n del libro \u201cHistoria de la Polic\u00eda de Corrientes\u201d,&hellip; <\/p>\n","protected":false},"author":4,"featured_media":248840,"comment_status":"closed","ping_status":"open","sticky":false,"template":"","format":"standard","meta":{"footnotes":""},"categories":[22],"tags":[],"class_list":["post-248835","post","type-post","status-publish","format-standard","has-post-thumbnail","hentry","category-eventos"],"_links":{"self":[{"href":"https:\/\/corrientesdetarde.com\/index.php\/wp-json\/wp\/v2\/posts\/248835","targetHints":{"allow":["GET"]}}],"collection":[{"href":"https:\/\/corrientesdetarde.com\/index.php\/wp-json\/wp\/v2\/posts"}],"about":[{"href":"https:\/\/corrientesdetarde.com\/index.php\/wp-json\/wp\/v2\/types\/post"}],"author":[{"embeddable":true,"href":"https:\/\/corrientesdetarde.com\/index.php\/wp-json\/wp\/v2\/users\/4"}],"replies":[{"embeddable":true,"href":"https:\/\/corrientesdetarde.com\/index.php\/wp-json\/wp\/v2\/comments?post=248835"}],"version-history":[{"count":1,"href":"https:\/\/corrientesdetarde.com\/index.php\/wp-json\/wp\/v2\/posts\/248835\/revisions"}],"predecessor-version":[{"id":248842,"href":"https:\/\/corrientesdetarde.com\/index.php\/wp-json\/wp\/v2\/posts\/248835\/revisions\/248842"}],"wp:featuredmedia":[{"embeddable":true,"href":"https:\/\/corrientesdetarde.com\/index.php\/wp-json\/wp\/v2\/media\/248840"}],"wp:attachment":[{"href":"https:\/\/corrientesdetarde.com\/index.php\/wp-json\/wp\/v2\/media?parent=248835"}],"wp:term":[{"taxonomy":"category","embeddable":true,"href":"https:\/\/corrientesdetarde.com\/index.php\/wp-json\/wp\/v2\/categories?post=248835"},{"taxonomy":"post_tag","embeddable":true,"href":"https:\/\/corrientesdetarde.com\/index.php\/wp-json\/wp\/v2\/tags?post=248835"}],"curies":[{"name":"wp","href":"https:\/\/api.w.org\/{rel}","templated":true}]}}