{"id":248838,"date":"2026-03-10T23:39:16","date_gmt":"2026-03-11T02:39:16","guid":{"rendered":"https:\/\/corrientesdetarde.com\/?p=248838"},"modified":"2026-03-11T08:30:22","modified_gmt":"2026-03-11T11:30:22","slug":"opera-bis-presenta-lirica-y-humor-por-primera-vez-en-el-teatro-oficial-juan-de-vera","status":"publish","type":"post","link":"https:\/\/corrientesdetarde.com\/index.php\/eventos\/opera-bis-presenta-lirica-y-humor-por-primera-vez-en-el-teatro-oficial-juan-de-vera\/","title":{"rendered":"Opera Bis presenta l\u00edrica y humor por primera vez en el Teatro Oficial Juan de Vera"},"content":{"rendered":"\n<p>Llegan a Corrientes con una propuesta \u00fanica, donde la m\u00fasica cl\u00e1sica y popular se unen para llevar al espectador de la mano hacia un viaje musical cargado de emociones.&nbsp;<\/p>\n\n\n\n<p>Los tenores del Col\u00f3n, FERNANDO SANTIAGO (Bar\u00edtono) y MAR\u00cdA JOSE DUL\u00cdN (Soprano) y ARNALDO QUIROGA (TENOR) acercan esta propuesta l\u00edrica y humor\u00edstica que har\u00e1 re\u00edr y emocionar al p\u00fablico.<\/p>\n\n\n\n<p>El show, apto para todo tipo de p\u00fablico, fue nominado a los Premios \u201cEstrella de Mar\u201d 2026.&nbsp;<\/p>\n\n\n\n<p><em>El domingo 19 de abril a las 20 horas<\/em>&nbsp;los protagonistas de OPERA BIS presentar\u00e1n un repertorio de canzonettas italianas, romanzas espa\u00f1olas, y \u00e9xitos internacionales como &#8220;El d\u00eda que me quieras&#8221; ,&#8221;Volare&#8221; \u201c Bella Ciao\u201d. No faltar\u00e1 el momento del TANGO y el entra\u00f1able &#8220;Brindis de la Traviata&#8221;.&nbsp;&nbsp;<\/p>\n\n\n\n<p><strong>Entradas<\/strong><\/p>\n\n\n\n<p>A la venta en&nbsp;<a href=\"https:\/\/4ue34.r.a.d.sendibm1.com\/mk\/cl\/f\/sh\/6rqJfgq8dINmNvd2HB7mP7OK8Ju\/uzd5AMjYTqDr\" target=\"_blank\" rel=\"noreferrer noopener\">weepas.ar\/<\/a>&nbsp;y en boleter\u00eda del teatro, San Juan 637, de lunes a s\u00e1bados de 9 a 13 hs y de 17 a 21 hs<\/p>\n","protected":false},"excerpt":{"rendered":"<p>Llegan a Corrientes con una propuesta \u00fanica, donde la m\u00fasica cl\u00e1sica y popular se unen para llevar al espectador de la mano hacia un viaje musical cargado de emociones.&nbsp; Los&hellip; <\/p>\n","protected":false},"author":4,"featured_media":248860,"comment_status":"closed","ping_status":"open","sticky":false,"template":"","format":"standard","meta":{"footnotes":""},"categories":[22],"tags":[],"class_list":["post-248838","post","type-post","status-publish","format-standard","has-post-thumbnail","hentry","category-eventos"],"_links":{"self":[{"href":"https:\/\/corrientesdetarde.com\/index.php\/wp-json\/wp\/v2\/posts\/248838","targetHints":{"allow":["GET"]}}],"collection":[{"href":"https:\/\/corrientesdetarde.com\/index.php\/wp-json\/wp\/v2\/posts"}],"about":[{"href":"https:\/\/corrientesdetarde.com\/index.php\/wp-json\/wp\/v2\/types\/post"}],"author":[{"embeddable":true,"href":"https:\/\/corrientesdetarde.com\/index.php\/wp-json\/wp\/v2\/users\/4"}],"replies":[{"embeddable":true,"href":"https:\/\/corrientesdetarde.com\/index.php\/wp-json\/wp\/v2\/comments?post=248838"}],"version-history":[{"count":1,"href":"https:\/\/corrientesdetarde.com\/index.php\/wp-json\/wp\/v2\/posts\/248838\/revisions"}],"predecessor-version":[{"id":248861,"href":"https:\/\/corrientesdetarde.com\/index.php\/wp-json\/wp\/v2\/posts\/248838\/revisions\/248861"}],"wp:featuredmedia":[{"embeddable":true,"href":"https:\/\/corrientesdetarde.com\/index.php\/wp-json\/wp\/v2\/media\/248860"}],"wp:attachment":[{"href":"https:\/\/corrientesdetarde.com\/index.php\/wp-json\/wp\/v2\/media?parent=248838"}],"wp:term":[{"taxonomy":"category","embeddable":true,"href":"https:\/\/corrientesdetarde.com\/index.php\/wp-json\/wp\/v2\/categories?post=248838"},{"taxonomy":"post_tag","embeddable":true,"href":"https:\/\/corrientesdetarde.com\/index.php\/wp-json\/wp\/v2\/tags?post=248838"}],"curies":[{"name":"wp","href":"https:\/\/api.w.org\/{rel}","templated":true}]}}