{"id":248839,"date":"2026-03-10T21:07:35","date_gmt":"2026-03-11T00:07:35","guid":{"rendered":"https:\/\/corrientesdetarde.com\/?p=248839"},"modified":"2026-03-10T21:07:41","modified_gmt":"2026-03-11T00:07:41","slug":"corrientes-inicia-la-campana-de-vacunacion-antigripal-para-adultos-mayores","status":"publish","type":"post","link":"https:\/\/corrientesdetarde.com\/index.php\/locales\/corrientes-inicia-la-campana-de-vacunacion-antigripal-para-adultos-mayores\/","title":{"rendered":"Corrientes inicia la campa\u00f1a de vacunaci\u00f3n antigripal para adultos mayores"},"content":{"rendered":"\n<p>El operativo comenzar\u00e1 el 11 de marzo y est\u00e1 destinado a personas mayores de 65 a\u00f1os. La decisi\u00f3n se adelant\u00f3 por la circulaci\u00f3n temprana de virus respiratorios y la detecci\u00f3n de una nueva variante de influenza A (H3N2).<\/p>\n\n\n\n<p>El Gobierno de Corrientes iniciar\u00e1 este mi\u00e9rcoles 11 de marzo la campa\u00f1a nacional de vacunaci\u00f3n antigripal destinada a adultos mayores, en el marco de un operativo coordinado entre el Ministerio de Salud P\u00fablica de Corrientes y el Ministerio de Desarrollo Social de Corrientes.<\/p>\n\n\n\n<p>El lanzamiento oficial se realizar\u00e1 a las 10 en el Club Jes\u00fas de Nazaret, ubicado en el barrio Quintana de la ciudad de Corrientes, con la participaci\u00f3n del \u00c1rea de Adultos Mayores del Ministerio de Desarrollo Social.<\/p>\n\n\n\n<p>La campa\u00f1a est\u00e1 dirigida a personas mayores de 65 a\u00f1os, quienes podr\u00e1n acceder a la vacuna sin necesidad de prescripci\u00f3n m\u00e9dica, en l\u00ednea con la poblaci\u00f3n objetivo establecida por el Calendario Nacional de Vacunaci\u00f3n.<\/p>\n\n\n\n<p>Desde el Gobierno provincial indicaron que el inicio anticipado de la campa\u00f1a responde al comportamiento epidemiol\u00f3gico observado en la regi\u00f3n. Seg\u00fan explicaron, se registr\u00f3 una circulaci\u00f3n temprana de virus respiratorios y la presencia de una nueva variante del virus de la gripe, identificada como Influenza A (H3N2).<\/p>\n\n\n\n<p>Las autoridades sanitarias remarcaron la importancia de que los adultos mayores se apliquen la vacuna para reducir el riesgo de complicaciones graves durante la temporada de mayor circulaci\u00f3n viral.<\/p>\n","protected":false},"excerpt":{"rendered":"<p>El operativo comenzar\u00e1 el 11 de marzo y est\u00e1 destinado a personas mayores de 65 a\u00f1os. La decisi\u00f3n se adelant\u00f3 por la circulaci\u00f3n temprana de virus respiratorios y la detecci\u00f3n&hellip; <\/p>\n","protected":false},"author":4,"featured_media":248846,"comment_status":"closed","ping_status":"open","sticky":false,"template":"","format":"standard","meta":{"footnotes":""},"categories":[8],"tags":[],"class_list":["post-248839","post","type-post","status-publish","format-standard","has-post-thumbnail","hentry","category-locales"],"_links":{"self":[{"href":"https:\/\/corrientesdetarde.com\/index.php\/wp-json\/wp\/v2\/posts\/248839","targetHints":{"allow":["GET"]}}],"collection":[{"href":"https:\/\/corrientesdetarde.com\/index.php\/wp-json\/wp\/v2\/posts"}],"about":[{"href":"https:\/\/corrientesdetarde.com\/index.php\/wp-json\/wp\/v2\/types\/post"}],"author":[{"embeddable":true,"href":"https:\/\/corrientesdetarde.com\/index.php\/wp-json\/wp\/v2\/users\/4"}],"replies":[{"embeddable":true,"href":"https:\/\/corrientesdetarde.com\/index.php\/wp-json\/wp\/v2\/comments?post=248839"}],"version-history":[{"count":1,"href":"https:\/\/corrientesdetarde.com\/index.php\/wp-json\/wp\/v2\/posts\/248839\/revisions"}],"predecessor-version":[{"id":248847,"href":"https:\/\/corrientesdetarde.com\/index.php\/wp-json\/wp\/v2\/posts\/248839\/revisions\/248847"}],"wp:featuredmedia":[{"embeddable":true,"href":"https:\/\/corrientesdetarde.com\/index.php\/wp-json\/wp\/v2\/media\/248846"}],"wp:attachment":[{"href":"https:\/\/corrientesdetarde.com\/index.php\/wp-json\/wp\/v2\/media?parent=248839"}],"wp:term":[{"taxonomy":"category","embeddable":true,"href":"https:\/\/corrientesdetarde.com\/index.php\/wp-json\/wp\/v2\/categories?post=248839"},{"taxonomy":"post_tag","embeddable":true,"href":"https:\/\/corrientesdetarde.com\/index.php\/wp-json\/wp\/v2\/tags?post=248839"}],"curies":[{"name":"wp","href":"https:\/\/api.w.org\/{rel}","templated":true}]}}