{"id":248851,"date":"2026-03-10T21:56:40","date_gmt":"2026-03-11T00:56:40","guid":{"rendered":"https:\/\/corrientesdetarde.com\/?p=248851"},"modified":"2026-03-10T21:56:52","modified_gmt":"2026-03-11T00:56:52","slug":"muerte-del-joven-correntino-ojeda-kryszczuk-el-unico-detenido-declaro-ante-la-justicia","status":"publish","type":"post","link":"https:\/\/corrientesdetarde.com\/index.php\/destacados\/muerte-del-joven-correntino-ojeda-kryszczuk-el-unico-detenido-declaro-ante-la-justicia\/","title":{"rendered":"Muerte del joven correntino Ojeda Kryszczuk: el \u00fanico detenido declar\u00f3 ante la Justicia"},"content":{"rendered":"\n<p>Durante la audiencia, el sospechoso \u2014asistido por su abogado defensor\u2014 sostuvo que la v\u00edctima se habr\u00eda lanzado por voluntad propia tras una violenta discusi\u00f3n que ambos mantuvieron dentro del departamento que compart\u00edan, ubicado sobre la calle G\u00f3mez Porti\u00f1o de la ciudad de Posadas.<\/p>\n\n\n\n<p>La investigaci\u00f3n por la muerte del correntino Marcelo Ojeda Kryszczuk sum\u00f3 un nuevo cap\u00edtulo este lunes, cuando el \u00fanico detenido en la causa, Marcos A., prest\u00f3 declaraci\u00f3n indagatoria ante el juez Fernando Ver\u00f3n. El acusado fue formalmente imputado por homicidio simple y neg\u00f3 haber arrojado al joven desde el balc\u00f3n del departamento.<\/p>\n\n\n\n<p>Durante la audiencia, el sospechoso \u2014asistido por su abogado defensor\u2014 sostuvo que la v\u00edctima se habr\u00eda lanzado por voluntad propia tras una violenta discusi\u00f3n que ambos mantuvieron dentro del departamento que compart\u00edan, ubicado sobre la calle G\u00f3mez Porti\u00f1o de la ciudad de Posadas.<\/p>\n\n\n\n<p>El hecho se conoci\u00f3 el viernes alrededor de las 4 de la madrugada, luego de un llamado al 911. Efectivos de la Comisar\u00eda Decimosexta acudieron inicialmente a un skatepark cercano, donde encontraron a Marcos A. con una herida cortante en el cuello. Tras ser trasladado al Hospital Madariaga, el joven relat\u00f3 que hab\u00eda mantenido una pelea con su compa\u00f1ero de alquiler.<\/p>\n\n\n\n<p>Posteriormente, al dirigirse al edificio se\u00f1alado, los polic\u00edas hallaron el cuerpo sin vida de Ojeda Kryszczuk en el sector del estacionamiento. Las primeras pericias realizadas por la Polic\u00eda Cient\u00edfica, bajo la supervisi\u00f3n del juez Ver\u00f3n y la fiscal Amalia Spinnato, detectaron un charco de sangre dentro del departamento del tercer piso, lo que indicar\u00eda una escalada de violencia previa al desenlace fatal.<\/p>\n\n\n\n<p>Tras la declaraci\u00f3n indagatoria, el imputado fue trasladado nuevamente a la Divisi\u00f3n Resguardo de Detenidos de la Unidad Regional I, donde permanecer\u00e1 alojado mientras el juzgado contin\u00faa con la recolecci\u00f3n de pruebas testimoniales y forenses para determinar si se trat\u00f3 de un homicidio o de un hecho autoinfligido.<\/p>\n","protected":false},"excerpt":{"rendered":"<p>Durante la audiencia, el sospechoso \u2014asistido por su abogado defensor\u2014 sostuvo que la v\u00edctima se habr\u00eda lanzado por voluntad propia tras una violenta discusi\u00f3n que ambos mantuvieron dentro del departamento&hellip; <\/p>\n","protected":false},"author":4,"featured_media":248852,"comment_status":"closed","ping_status":"open","sticky":false,"template":"","format":"standard","meta":{"footnotes":""},"categories":[26,33],"tags":[],"class_list":["post-248851","post","type-post","status-publish","format-standard","has-post-thumbnail","hentry","category-destacados","category-policiales"],"_links":{"self":[{"href":"https:\/\/corrientesdetarde.com\/index.php\/wp-json\/wp\/v2\/posts\/248851","targetHints":{"allow":["GET"]}}],"collection":[{"href":"https:\/\/corrientesdetarde.com\/index.php\/wp-json\/wp\/v2\/posts"}],"about":[{"href":"https:\/\/corrientesdetarde.com\/index.php\/wp-json\/wp\/v2\/types\/post"}],"author":[{"embeddable":true,"href":"https:\/\/corrientesdetarde.com\/index.php\/wp-json\/wp\/v2\/users\/4"}],"replies":[{"embeddable":true,"href":"https:\/\/corrientesdetarde.com\/index.php\/wp-json\/wp\/v2\/comments?post=248851"}],"version-history":[{"count":1,"href":"https:\/\/corrientesdetarde.com\/index.php\/wp-json\/wp\/v2\/posts\/248851\/revisions"}],"predecessor-version":[{"id":248853,"href":"https:\/\/corrientesdetarde.com\/index.php\/wp-json\/wp\/v2\/posts\/248851\/revisions\/248853"}],"wp:featuredmedia":[{"embeddable":true,"href":"https:\/\/corrientesdetarde.com\/index.php\/wp-json\/wp\/v2\/media\/248852"}],"wp:attachment":[{"href":"https:\/\/corrientesdetarde.com\/index.php\/wp-json\/wp\/v2\/media?parent=248851"}],"wp:term":[{"taxonomy":"category","embeddable":true,"href":"https:\/\/corrientesdetarde.com\/index.php\/wp-json\/wp\/v2\/categories?post=248851"},{"taxonomy":"post_tag","embeddable":true,"href":"https:\/\/corrientesdetarde.com\/index.php\/wp-json\/wp\/v2\/tags?post=248851"}],"curies":[{"name":"wp","href":"https:\/\/api.w.org\/{rel}","templated":true}]}}