{"id":248854,"date":"2026-03-10T22:05:41","date_gmt":"2026-03-11T01:05:41","guid":{"rendered":"https:\/\/corrientesdetarde.com\/?p=248854"},"modified":"2026-03-10T22:05:47","modified_gmt":"2026-03-11T01:05:47","slug":"valdes-y-sus-pares-acompanan-a-milei-en-nueva-york-para-promover-inversiones","status":"publish","type":"post","link":"https:\/\/corrientesdetarde.com\/index.php\/politica\/valdes-y-sus-pares-acompanan-a-milei-en-nueva-york-para-promover-inversiones\/","title":{"rendered":"Vald\u00e9s y sus pares acompa\u00f1an a Milei en Nueva York para promover inversiones"},"content":{"rendered":"\n<p>El gobernador correntino Juan Pablo Vald\u00e9s forma parte de la comitiva de mandatarios provinciales que acompa\u00f1\u00f3 al presidente Javier Milei en la Argentina Week, en Nueva York, donde el Gobierno nacional busca captar inversiones y mostrar respaldo pol\u00edtico a su programa econ\u00f3mico.<\/p>\n\n\n\n<p>El presidente Javier Milei participa en Nueva York de distintas actividades en el marco de la Argentina Week, un evento orientado a promover inversiones internacionales en el pa\u00eds. En ese contexto, el mandatario junto a varios gobernadores provinciales, entre ellos el correntino Juan Pablo Vald\u00e9s, adem\u00e1s de la secretaria general de la Presidencia, Karina Milei, busca avalar su respaldo pol\u00edtico al programa econ\u00f3mico ante inversores y empresarios.<\/p>\n\n\n\n<p>Entre los mandatarios presentes tambi\u00e9n estuvieron Gustavo S\u00e1enz, Marcelo Orrego, Carlos Sadir y Alfredo Cornejo. La presencia de los gobernadores form\u00f3 parte de la comitiva pol\u00edtica que acompa\u00f1\u00f3 al Presidente en el encuentro, orientado a presentar oportunidades de inversi\u00f3n en sectores estrat\u00e9gicos.<\/p>\n\n\n\n<p>La Argentina Week se desarrolla en la ciudad de Nueva York con la participaci\u00f3n de funcionarios nacionales, mandatarios provinciales, bancos y fondos internacionales. El objetivo del evento es posicionar al pa\u00eds ante potenciales inversores del sistema financiero global, en el marco del programa de desregulaci\u00f3n y apertura econ\u00f3mica impulsado por el Gobierno.<\/p>\n\n\n\n<p>Durante su exposici\u00f3n ante empresarios y ejecutivos, Milei defendi\u00f3 el rumbo econ\u00f3mico de su gesti\u00f3n y sostuvo que su administraci\u00f3n busca consolidar un modelo promercado basado en la competencia y la eliminaci\u00f3n de privilegios. En ese sentido, volvi\u00f3 a cuestionar a sectores del empresariado industrial argentino, a los que acus\u00f3 de haber sostenido durante a\u00f1os un esquema de beneficios ligados al poder pol\u00edtico. &#8220;No somos antiempresa&#8221;, afirm\u00f3 el Presidente ante inversores internacionales.<\/p>\n\n\n\n<p>En total, diez gobernadores integran la delegaci\u00f3n que participa de las actividades. Adem\u00e1s de los ya mencionados, tambi\u00e9n se encuentran Ra\u00fal Jalil, Claudio Vidal, Rolando Figueroa, Alberto Weretilneck e Ignacio Torres. Los mandatarios participan en distintos paneles para presentar el potencial de sus provincias en miner\u00eda, energ\u00eda, hidrocarburos, gas natural, energ\u00edas renovables y desarrollo log\u00edstico para exportaciones.<\/p>\n\n\n\n<p>La invitaci\u00f3n al encuentro fue cursada por la Canciller\u00eda argentina con el objetivo de reunir a gobernadores de distintas regiones con potencial en sectores estrat\u00e9gicos de la econom\u00eda. La intenci\u00f3n oficial es que las provincias puedan exhibir proyectos ante empresarios y fondos internacionales interesados en iniciativas vinculadas a recursos naturales y energ\u00eda.<\/p>\n\n\n\n<p>Tras su participaci\u00f3n en el foro econ\u00f3mico, Milei continuar\u00e1 su gira internacional con una visita a Chile para asistir a la asunci\u00f3n de Jos\u00e9 Antonio Kast. Posteriormente viajar\u00e1 a Espa\u00f1a, donde participar\u00e1 en el Foro Econ\u00f3mico de Madrid y cerrar\u00e1 el encuentro con un discurso ante empresarios y dirigentes pol\u00edticos.<\/p>\n","protected":false},"excerpt":{"rendered":"<p>El gobernador correntino Juan Pablo Vald\u00e9s forma parte de la comitiva de mandatarios provinciales que acompa\u00f1\u00f3 al presidente Javier Milei en la Argentina Week, en Nueva York, donde el Gobierno&hellip; <\/p>\n","protected":false},"author":4,"featured_media":248855,"comment_status":"closed","ping_status":"open","sticky":false,"template":"","format":"standard","meta":{"footnotes":""},"categories":[3],"tags":[],"class_list":["post-248854","post","type-post","status-publish","format-standard","has-post-thumbnail","hentry","category-politica"],"_links":{"self":[{"href":"https:\/\/corrientesdetarde.com\/index.php\/wp-json\/wp\/v2\/posts\/248854","targetHints":{"allow":["GET"]}}],"collection":[{"href":"https:\/\/corrientesdetarde.com\/index.php\/wp-json\/wp\/v2\/posts"}],"about":[{"href":"https:\/\/corrientesdetarde.com\/index.php\/wp-json\/wp\/v2\/types\/post"}],"author":[{"embeddable":true,"href":"https:\/\/corrientesdetarde.com\/index.php\/wp-json\/wp\/v2\/users\/4"}],"replies":[{"embeddable":true,"href":"https:\/\/corrientesdetarde.com\/index.php\/wp-json\/wp\/v2\/comments?post=248854"}],"version-history":[{"count":1,"href":"https:\/\/corrientesdetarde.com\/index.php\/wp-json\/wp\/v2\/posts\/248854\/revisions"}],"predecessor-version":[{"id":248856,"href":"https:\/\/corrientesdetarde.com\/index.php\/wp-json\/wp\/v2\/posts\/248854\/revisions\/248856"}],"wp:featuredmedia":[{"embeddable":true,"href":"https:\/\/corrientesdetarde.com\/index.php\/wp-json\/wp\/v2\/media\/248855"}],"wp:attachment":[{"href":"https:\/\/corrientesdetarde.com\/index.php\/wp-json\/wp\/v2\/media?parent=248854"}],"wp:term":[{"taxonomy":"category","embeddable":true,"href":"https:\/\/corrientesdetarde.com\/index.php\/wp-json\/wp\/v2\/categories?post=248854"},{"taxonomy":"post_tag","embeddable":true,"href":"https:\/\/corrientesdetarde.com\/index.php\/wp-json\/wp\/v2\/tags?post=248854"}],"curies":[{"name":"wp","href":"https:\/\/api.w.org\/{rel}","templated":true}]}}