{"id":248866,"date":"2026-03-11T00:50:46","date_gmt":"2026-03-11T03:50:46","guid":{"rendered":"https:\/\/corrientesdetarde.com\/?p=248866"},"modified":"2026-03-11T02:39:58","modified_gmt":"2026-03-11T05:39:58","slug":"emilio-aguilera-rendira-homenaje-a-la-mujer-en-el-teatro-vera","status":"publish","type":"post","link":"https:\/\/corrientesdetarde.com\/index.php\/cultura\/emilio-aguilera-rendira-homenaje-a-la-mujer-en-el-teatro-vera\/","title":{"rendered":"Emilio Aguilera rendir\u00e1 homenaje a la mujer en el Teatro Vera"},"content":{"rendered":"\n<p>En el marco del ciclo &#8220;Cultura en clave mujer&#8221; organizado por el Instituto de Cultura de Corrientes, el tenor Emilio Aguilera presenta \u201cMujer, Amor y Canci\u00f3n\u201d, un espect\u00e1culo especialmente concebido para celebrar a las mujeres. El mismo tendr\u00e1 lugar el viernes 20 de marzo a las 21 horas, en el Teatro Oficial Juan de Vera.&nbsp;El acceso es gratuito.&nbsp;<\/p>\n\n\n\n<p>La propuesta invita al p\u00fablico a vivir una velada cargada de emoci\u00f3n y recuerdos, con un repertorio integrado por grandes canciones de telenovelas que marcaron \u00e9poca y cl\u00e1sicos inolvidables de Sandro y Paz Mart\u00ednez, entre otros artistas rom\u00e1nticos.&nbsp;<\/p>\n\n\n\n<p>El concierto est\u00e1 pensado como una experiencia participativa: al tratarse de canciones profundamente instaladas en la memoria colectiva, el p\u00fablico no solo escuchar\u00e1, sino que tambi\u00e9n ser\u00e1 protagonista, acompa\u00f1ando cada interpretaci\u00f3n con su voz y su emoci\u00f3n.&nbsp;<\/p>\n\n\n\n<p>Con su estilo apasionado y su impronta l\u00edrica, Emilio Aguilera propone un recorrido musical donde el amor es el hilo conductor y la mujer, la musa eterna. Una noche para cantar, recordar y celebrar juntos.<\/p>\n\n\n\n<figure class=\"wp-block-image size-full\"><img loading=\"lazy\" decoding=\"async\" width=\"715\" height=\"870\" src=\"https:\/\/corrientesdetarde.com\/wp-content\/uploads\/2026\/03\/Captura-de-pantalla-2026-03-10-235527.png\" alt=\"\" class=\"wp-image-248867\" srcset=\"https:\/\/corrientesdetarde.com\/wp-content\/uploads\/2026\/03\/Captura-de-pantalla-2026-03-10-235527.png 715w, https:\/\/corrientesdetarde.com\/wp-content\/uploads\/2026\/03\/Captura-de-pantalla-2026-03-10-235527-247x300.png 247w\" sizes=\"auto, (max-width: 715px) 100vw, 715px\" \/><\/figure>\n","protected":false},"excerpt":{"rendered":"<p>En el marco del ciclo &#8220;Cultura en clave mujer&#8221; organizado por el Instituto de Cultura de Corrientes, el tenor Emilio Aguilera presenta \u201cMujer, Amor y Canci\u00f3n\u201d, un espect\u00e1culo especialmente concebido&hellip; <\/p>\n","protected":false},"author":4,"featured_media":248870,"comment_status":"closed","ping_status":"open","sticky":false,"template":"","format":"standard","meta":{"footnotes":""},"categories":[15],"tags":[],"class_list":["post-248866","post","type-post","status-publish","format-standard","has-post-thumbnail","hentry","category-cultura"],"_links":{"self":[{"href":"https:\/\/corrientesdetarde.com\/index.php\/wp-json\/wp\/v2\/posts\/248866","targetHints":{"allow":["GET"]}}],"collection":[{"href":"https:\/\/corrientesdetarde.com\/index.php\/wp-json\/wp\/v2\/posts"}],"about":[{"href":"https:\/\/corrientesdetarde.com\/index.php\/wp-json\/wp\/v2\/types\/post"}],"author":[{"embeddable":true,"href":"https:\/\/corrientesdetarde.com\/index.php\/wp-json\/wp\/v2\/users\/4"}],"replies":[{"embeddable":true,"href":"https:\/\/corrientesdetarde.com\/index.php\/wp-json\/wp\/v2\/comments?post=248866"}],"version-history":[{"count":2,"href":"https:\/\/corrientesdetarde.com\/index.php\/wp-json\/wp\/v2\/posts\/248866\/revisions"}],"predecessor-version":[{"id":248872,"href":"https:\/\/corrientesdetarde.com\/index.php\/wp-json\/wp\/v2\/posts\/248866\/revisions\/248872"}],"wp:featuredmedia":[{"embeddable":true,"href":"https:\/\/corrientesdetarde.com\/index.php\/wp-json\/wp\/v2\/media\/248870"}],"wp:attachment":[{"href":"https:\/\/corrientesdetarde.com\/index.php\/wp-json\/wp\/v2\/media?parent=248866"}],"wp:term":[{"taxonomy":"category","embeddable":true,"href":"https:\/\/corrientesdetarde.com\/index.php\/wp-json\/wp\/v2\/categories?post=248866"},{"taxonomy":"post_tag","embeddable":true,"href":"https:\/\/corrientesdetarde.com\/index.php\/wp-json\/wp\/v2\/tags?post=248866"}],"curies":[{"name":"wp","href":"https:\/\/api.w.org\/{rel}","templated":true}]}}