{"id":248874,"date":"2026-03-11T08:30:15","date_gmt":"2026-03-11T11:30:15","guid":{"rendered":"https:\/\/corrientesdetarde.com\/?p=248874"},"modified":"2026-03-11T08:30:23","modified_gmt":"2026-03-11T11:30:23","slug":"su-ex-ingreso-a-su-casa-y-la-golpeo-pero-aun-no-fue-detenido","status":"publish","type":"post","link":"https:\/\/corrientesdetarde.com\/index.php\/destacados\/su-ex-ingreso-a-su-casa-y-la-golpeo-pero-aun-no-fue-detenido\/","title":{"rendered":"Su ex ingres\u00f3 a su casa y la golpe\u00f3, pero a\u00fan no fue detenido"},"content":{"rendered":"\n<p>Una mujer termin\u00f3 con lesiones en su rostro y distintas partes del cuerpo, su pareja lleg\u00f3 a la casa que compart\u00edan y luego de amenazarla le propin\u00f3 una descomunal paliza, justo en el D\u00eda de la Mujer. La v\u00edctima teme por su vida y asegura que ya tiene varias denuncias previas por otras agresiones que recibi\u00f3, pero el hombre nunca queda detenido. Ahora tiene prohibido acercarse a 500 metros de la mujer, pero ya antes violent\u00f3 las medidas judiciales.<\/p>\n\n\n\n<p>El hecho sucedi\u00f3 el domingo cerca del mediod\u00eda cuando Silvina, de 32 a\u00f1os, se encontraba en su casa en el barrio Apip\u00e9, junto a su hija de casi tres a\u00f1os que tienen en com\u00fan, cuando el sujeto de apellido Soto, de 39 a\u00f1os se hizo presente en el lugar en estado de exaltaci\u00f3n y sumamente violento, presuntamente por consumo de estupefaciente, sobre quien ya pesan dos denuncias previas por violencia dom\u00e9stica y violencia de g\u00e9nero.<\/p>\n\n\n\n<p>El hombre amenaz\u00f3 a la mujer y, casi sin advertencia, comenz\u00f3 a golpearla en el cuerpo y en el rostro provoc\u00e1ndole lesiones de consideraci\u00f3n en su nariz. Los gritos de la v\u00edctima lo pusieron en fuga y fue una vez m\u00e1s denunciado. &#8220;Esto ya se sali\u00f3 completamente de control, ya lo denunci\u00e9 varias veces por este tipo de ataques y pese a eso contin\u00faa en libertad. Ahora tampoco lo detuvieron y me rompi\u00f3 la nariz a pi\u00f1as. La Justicia le volvi\u00f3 a dictar una restricci\u00f3n de acercamiento, pero \u00e9l no la cumple y llega a mi casa con toda impunidad. Tengo mucho miedo de que me pase algo m\u00e1s grave, que me mate a m\u00ed y que le haga da\u00f1o a mi hija, para que contin\u00fae impune haciendo da\u00f1o&#8221;, cont\u00f3 Silvina.<\/p>\n\n\n\n<p>El dato es preocupante, tomando en cuenta la cantidad de denuncias previas realizada por la v\u00edctima. En el a\u00f1o 2022 ya estuvo detenido por unos d\u00edas, luego de violar la medida judicial de restricci\u00f3n de acercamiento y amenazar de muerte a Silvina, quien estaba junto a su hija.<\/p>\n\n\n\n<p>Seg\u00fan continu\u00f3 contando la v\u00edctima, Soto lleg\u00f3 a la casa a buscar una bicicleta que hab\u00edan comprado para que Silvina lleve al jard\u00edn a la ni\u00f1a. &#8220;No s\u00e9 para qu\u00e9 la necesita, o si la quiere vender, pero yo la uso para ir con mi hija hasta el jard\u00edn. Hace algunos meses atr\u00e1s, tambi\u00e9n la madre me sac\u00f3 una cocina que \u00e9l compr\u00f3 y luego me regal\u00f3. La llevaron y la dejaron pudrir en el patio de su casa, solo para que yo no la tenga. La madre apa\u00f1a todo lo que \u00e9l hace, le mostr\u00e9 c\u00f3mo qued\u00e9 despu\u00e9s de la paliza del domingo y no dijo nada, me ped\u00eda que le entregue la bicicleta. Una verdadera locura todo&#8221;, sentenci\u00f3<\/p>\n\n\n\n<p>De acuerdo a estad\u00edsticas locales, durante el a\u00f1o 2024 se registraron 12 denuncias por violencia familiar y de G\u00e9nero en todos los juzgados de la provincia. En total de se iniciaron 3.754 causas. En tanto en 2025, este n\u00famero creci\u00f3 exponencialmente y se elev\u00f3 a casi 15 casos de violencia por d\u00eda denunciados, haciendo un total de 5.331 causas judiciales en tr\u00e1mite. Las estad\u00edsticas fueron generadas por el propio Poder Judicial de la Provincia y publicadas en su p\u00e1gina web recientemente.<\/p>\n\n\n\n<p>La denuncia fue formulada en la Comisar\u00eda de la Mujer y el Menor N\u00b02, al d\u00eda siguiente de ser atendida por m\u00e9dicos en una sala del barrio. Por el caso, el juez de Familia, ni\u00f1ez y Adolescencia N\u00b05 de la ciudad de Corrientes, Edgardo Enrique Frutos, solo volvi\u00f3 a dictar una medida de restricci\u00f3n de acercamiento del agresor a la v\u00edctima, a pesar del incumplimiento de similares medidas y acumulaci\u00f3n de denuncias.<\/p>\n","protected":false},"excerpt":{"rendered":"<p>Una mujer termin\u00f3 con lesiones en su rostro y distintas partes del cuerpo, su pareja lleg\u00f3 a la casa que compart\u00edan y luego de amenazarla le propin\u00f3 una descomunal paliza,&hellip; <\/p>\n","protected":false},"author":1,"featured_media":248879,"comment_status":"closed","ping_status":"open","sticky":false,"template":"","format":"standard","meta":{"footnotes":""},"categories":[26,33],"tags":[],"class_list":["post-248874","post","type-post","status-publish","format-standard","has-post-thumbnail","hentry","category-destacados","category-policiales"],"_links":{"self":[{"href":"https:\/\/corrientesdetarde.com\/index.php\/wp-json\/wp\/v2\/posts\/248874","targetHints":{"allow":["GET"]}}],"collection":[{"href":"https:\/\/corrientesdetarde.com\/index.php\/wp-json\/wp\/v2\/posts"}],"about":[{"href":"https:\/\/corrientesdetarde.com\/index.php\/wp-json\/wp\/v2\/types\/post"}],"author":[{"embeddable":true,"href":"https:\/\/corrientesdetarde.com\/index.php\/wp-json\/wp\/v2\/users\/1"}],"replies":[{"embeddable":true,"href":"https:\/\/corrientesdetarde.com\/index.php\/wp-json\/wp\/v2\/comments?post=248874"}],"version-history":[{"count":1,"href":"https:\/\/corrientesdetarde.com\/index.php\/wp-json\/wp\/v2\/posts\/248874\/revisions"}],"predecessor-version":[{"id":248880,"href":"https:\/\/corrientesdetarde.com\/index.php\/wp-json\/wp\/v2\/posts\/248874\/revisions\/248880"}],"wp:featuredmedia":[{"embeddable":true,"href":"https:\/\/corrientesdetarde.com\/index.php\/wp-json\/wp\/v2\/media\/248879"}],"wp:attachment":[{"href":"https:\/\/corrientesdetarde.com\/index.php\/wp-json\/wp\/v2\/media?parent=248874"}],"wp:term":[{"taxonomy":"category","embeddable":true,"href":"https:\/\/corrientesdetarde.com\/index.php\/wp-json\/wp\/v2\/categories?post=248874"},{"taxonomy":"post_tag","embeddable":true,"href":"https:\/\/corrientesdetarde.com\/index.php\/wp-json\/wp\/v2\/tags?post=248874"}],"curies":[{"name":"wp","href":"https:\/\/api.w.org\/{rel}","templated":true}]}}