{"id":248882,"date":"2026-03-11T08:38:38","date_gmt":"2026-03-11T11:38:38","guid":{"rendered":"https:\/\/corrientesdetarde.com\/?p=248882"},"modified":"2026-03-11T08:38:50","modified_gmt":"2026-03-11T11:38:50","slug":"san-luis-del-palmar-detuvieron-a-un-hombre-acusado-de-abuso-sexual","status":"publish","type":"post","link":"https:\/\/corrientesdetarde.com\/index.php\/crimen-y-justicia\/san-luis-del-palmar-detuvieron-a-un-hombre-acusado-de-abuso-sexual\/","title":{"rendered":"San Luis del Palmar: detuvieron a un hombre acusado de abuso sexual"},"content":{"rendered":"\n<p>Una r\u00e1pida\u00a0<strong>investigaci\u00f3n policial en el marco de una causa por abuso sexual con acceso carnal, deriv\u00f3 en un allanamiento concretado este martes en la localidad de San Luis del Palmar, donde fue detenido un hombre, y secuestraron un autom\u00f3vil y dem\u00e1s evidencias vinculadas con el hecho<\/strong>.<\/p>\n\n\n\n<p>Trabajaron efectivos de la Comisar\u00eda de Distrito San Luis del Palmar en forma conjunta con personal de la Divisi\u00f3n de Investigaci\u00f3n Criminal de la Unidad Regional I, en colaboraci\u00f3n con la Unidad Fiscal de Investigaci\u00f3n.<\/p>\n\n\n\n<p>Tambi\u00e9n colabor\u00f3 el grupo especial GTO que brind\u00f3 su apoyo para irrumpir en el domicilio ubicado por calles Juan J. Arce, entre San Miguel y General Paz, donde procedieron al secuestro preventivo de un Chevrolet Onix y un tel\u00e9fono celular. Tambi\u00e9n aprehendieron a un hombre mayor de edad, involucrado en el hecho investigado.<\/p>\n\n\n\n<p><strong>El aprehendido y lo secuestrado fueron puestos a disposici\u00f3n de la justicia y trasladados hasta la dependencia policial, en tanto que la causa contin\u00faa en b\u00fasqueda de la aprehensi\u00f3n de otras personas que podr\u00edan tener relaci\u00f3n con la causa.<\/strong><\/p>\n\n\n\n<figure class=\"wp-block-image size-full\"><img loading=\"lazy\" decoding=\"async\" width=\"807\" height=\"605\" src=\"https:\/\/corrientesdetarde.com\/wp-content\/uploads\/2026\/03\/image-265.png\" alt=\"\" class=\"wp-image-248888\" srcset=\"https:\/\/corrientesdetarde.com\/wp-content\/uploads\/2026\/03\/image-265.png 807w, https:\/\/corrientesdetarde.com\/wp-content\/uploads\/2026\/03\/image-265-300x225.png 300w, https:\/\/corrientesdetarde.com\/wp-content\/uploads\/2026\/03\/image-265-768x576.png 768w\" sizes=\"auto, (max-width: 807px) 100vw, 807px\" \/><\/figure>\n\n\n\n<figure class=\"wp-block-image size-large\"><img loading=\"lazy\" decoding=\"async\" width=\"1024\" height=\"576\" src=\"https:\/\/corrientesdetarde.com\/wp-content\/uploads\/2026\/03\/image-266-1024x576.png\" alt=\"\" class=\"wp-image-248889\" srcset=\"https:\/\/corrientesdetarde.com\/wp-content\/uploads\/2026\/03\/image-266-1024x576.png 1024w, https:\/\/corrientesdetarde.com\/wp-content\/uploads\/2026\/03\/image-266-300x169.png 300w, https:\/\/corrientesdetarde.com\/wp-content\/uploads\/2026\/03\/image-266-768x432.png 768w, https:\/\/corrientesdetarde.com\/wp-content\/uploads\/2026\/03\/image-266.png 1200w\" sizes=\"auto, (max-width: 1024px) 100vw, 1024px\" \/><\/figure>\n","protected":false},"excerpt":{"rendered":"<p>Una r\u00e1pida\u00a0investigaci\u00f3n policial en el marco de una causa por abuso sexual con acceso carnal, deriv\u00f3 en un allanamiento concretado este martes en la localidad de San Luis del Palmar,&hellip; <\/p>\n","protected":false},"author":1,"featured_media":248890,"comment_status":"closed","ping_status":"open","sticky":false,"template":"","format":"standard","meta":{"footnotes":""},"categories":[5],"tags":[],"class_list":["post-248882","post","type-post","status-publish","format-standard","has-post-thumbnail","hentry","category-crimen-y-justicia"],"_links":{"self":[{"href":"https:\/\/corrientesdetarde.com\/index.php\/wp-json\/wp\/v2\/posts\/248882","targetHints":{"allow":["GET"]}}],"collection":[{"href":"https:\/\/corrientesdetarde.com\/index.php\/wp-json\/wp\/v2\/posts"}],"about":[{"href":"https:\/\/corrientesdetarde.com\/index.php\/wp-json\/wp\/v2\/types\/post"}],"author":[{"embeddable":true,"href":"https:\/\/corrientesdetarde.com\/index.php\/wp-json\/wp\/v2\/users\/1"}],"replies":[{"embeddable":true,"href":"https:\/\/corrientesdetarde.com\/index.php\/wp-json\/wp\/v2\/comments?post=248882"}],"version-history":[{"count":1,"href":"https:\/\/corrientesdetarde.com\/index.php\/wp-json\/wp\/v2\/posts\/248882\/revisions"}],"predecessor-version":[{"id":248891,"href":"https:\/\/corrientesdetarde.com\/index.php\/wp-json\/wp\/v2\/posts\/248882\/revisions\/248891"}],"wp:featuredmedia":[{"embeddable":true,"href":"https:\/\/corrientesdetarde.com\/index.php\/wp-json\/wp\/v2\/media\/248890"}],"wp:attachment":[{"href":"https:\/\/corrientesdetarde.com\/index.php\/wp-json\/wp\/v2\/media?parent=248882"}],"wp:term":[{"taxonomy":"category","embeddable":true,"href":"https:\/\/corrientesdetarde.com\/index.php\/wp-json\/wp\/v2\/categories?post=248882"},{"taxonomy":"post_tag","embeddable":true,"href":"https:\/\/corrientesdetarde.com\/index.php\/wp-json\/wp\/v2\/tags?post=248882"}],"curies":[{"name":"wp","href":"https:\/\/api.w.org\/{rel}","templated":true}]}}