{"id":248884,"date":"2026-03-11T08:33:45","date_gmt":"2026-03-11T11:33:45","guid":{"rendered":"https:\/\/corrientesdetarde.com\/?p=248884"},"modified":"2026-03-11T08:33:52","modified_gmt":"2026-03-11T11:33:52","slug":"segundo-puente-chaco-corrientes-caputo-dijo-que-la-obra-avanzara-con-tiempo-y-paciencia","status":"publish","type":"post","link":"https:\/\/corrientesdetarde.com\/index.php\/informacion-general\/segundo-puente-chaco-corrientes-caputo-dijo-que-la-obra-avanzara-con-tiempo-y-paciencia\/","title":{"rendered":"Segundo puente Chaco-Corrientes: Caputo dijo que la obra avanzar\u00e1 \u201ccon tiempo y paciencia\u201d"},"content":{"rendered":"\n<p>El ministro de Econom\u00eda de la Naci\u00f3n,&nbsp;<strong>Luis Caputo<\/strong>, se refiri\u00f3 al proyecto del&nbsp;<strong>segundo puente que unir\u00eda a Chaco y Corrientes<\/strong>&nbsp;y asegur\u00f3 que la obra&nbsp;<strong>\u201cseguro va a avanzar\u201d<\/strong>, aunque aclar\u00f3 que su concreci\u00f3n&nbsp;<strong>requerir\u00e1 paciencia y tiempo<\/strong>.<\/p>\n\n\n\n<p>Las declaraciones fueron realizadas durante su participaci\u00f3n en la&nbsp;<strong>Argentina Week<\/strong>, que se desarrolla en&nbsp;<strong>Nueva York<\/strong>&nbsp;y re\u00fane a gobernadores, empresarios e inversores internacionales en el&nbsp;<strong>Council of the Americas<\/strong>, con el objetivo de promover oportunidades de inversi\u00f3n en el pa\u00eds.<\/p>\n\n\n\n<p>Consultado por el medio NG Federal sobre las posibilidades de avanzar con el segundo puente, el funcionario sostuvo:&nbsp;\u201cSeguro que va a avanzar como todos los proyectos que tenemos en marcha. Es un tema de paciencia y tiempo\u201d.<\/p>\n\n\n\n<p>Caputo explic\u00f3 que&nbsp;<strong>la concreci\u00f3n de este tipo de obras de infraestructura est\u00e1 vinculada al crecimiento de las inversiones y a la consolidaci\u00f3n del rumbo econ\u00f3mico del pa\u00eds<\/strong>.<\/p>\n\n\n\n<p>En ese sentido, afirm\u00f3 que&nbsp;<strong>las provincias est\u00e1n comenzando a ver un escenario diferente en materia econ\u00f3mica<\/strong>, con mayor inter\u00e9s de inversores internacionales.&nbsp;\u201cLas provincias hoy est\u00e1n viendo algo que hace mucho tiempo que no se ve\u00eda en la Argentina. Yo creo que nunca, incluso ni en los a\u00f1os noventa\u201d, sostuvo.<\/p>\n\n\n\n<p>Adem\u00e1s, remarc\u00f3 que&nbsp;<strong>el cambio en la pol\u00edtica econ\u00f3mica argentina est\u00e1 generando atenci\u00f3n en el exterior<\/strong>.&nbsp;\u201cSe entiende hoy afuera, incluso tal vez m\u00e1s que en Argentina mismo, que el cambio es impactante. El mundo est\u00e1 impactado. Argentina hoy es un caso de estudio en el mundo\u201d, expres\u00f3.<\/p>\n\n\n\n<p>Por \u00faltimo, el ministro destac\u00f3 que&nbsp;<strong>los encuentros con gobernadores y empresarios durante la Argentina Week buscan transmitir previsibilidad a los inversores<\/strong>, un aspecto que consider\u00f3 clave para impulsar&nbsp;<strong>grandes proyectos de infraestructura<\/strong>.<\/p>\n\n\n\n<p>\u201cPara los inversores ver que el rumbo se va a mantener independientemente del color pol\u00edtico es muy fuerte\u201d, concluy\u00f3.<\/p>\n","protected":false},"excerpt":{"rendered":"<p>El ministro de Econom\u00eda de la Naci\u00f3n,&nbsp;Luis Caputo, se refiri\u00f3 al proyecto del&nbsp;segundo puente que unir\u00eda a Chaco y Corrientes&nbsp;y asegur\u00f3 que la obra&nbsp;\u201cseguro va a avanzar\u201d, aunque aclar\u00f3 que&hellip; <\/p>\n","protected":false},"author":1,"featured_media":248885,"comment_status":"closed","ping_status":"open","sticky":false,"template":"","format":"standard","meta":{"footnotes":""},"categories":[1],"tags":[],"class_list":["post-248884","post","type-post","status-publish","format-standard","has-post-thumbnail","hentry","category-informacion-general"],"_links":{"self":[{"href":"https:\/\/corrientesdetarde.com\/index.php\/wp-json\/wp\/v2\/posts\/248884","targetHints":{"allow":["GET"]}}],"collection":[{"href":"https:\/\/corrientesdetarde.com\/index.php\/wp-json\/wp\/v2\/posts"}],"about":[{"href":"https:\/\/corrientesdetarde.com\/index.php\/wp-json\/wp\/v2\/types\/post"}],"author":[{"embeddable":true,"href":"https:\/\/corrientesdetarde.com\/index.php\/wp-json\/wp\/v2\/users\/1"}],"replies":[{"embeddable":true,"href":"https:\/\/corrientesdetarde.com\/index.php\/wp-json\/wp\/v2\/comments?post=248884"}],"version-history":[{"count":1,"href":"https:\/\/corrientesdetarde.com\/index.php\/wp-json\/wp\/v2\/posts\/248884\/revisions"}],"predecessor-version":[{"id":248886,"href":"https:\/\/corrientesdetarde.com\/index.php\/wp-json\/wp\/v2\/posts\/248884\/revisions\/248886"}],"wp:featuredmedia":[{"embeddable":true,"href":"https:\/\/corrientesdetarde.com\/index.php\/wp-json\/wp\/v2\/media\/248885"}],"wp:attachment":[{"href":"https:\/\/corrientesdetarde.com\/index.php\/wp-json\/wp\/v2\/media?parent=248884"}],"wp:term":[{"taxonomy":"category","embeddable":true,"href":"https:\/\/corrientesdetarde.com\/index.php\/wp-json\/wp\/v2\/categories?post=248884"},{"taxonomy":"post_tag","embeddable":true,"href":"https:\/\/corrientesdetarde.com\/index.php\/wp-json\/wp\/v2\/tags?post=248884"}],"curies":[{"name":"wp","href":"https:\/\/api.w.org\/{rel}","templated":true}]}}