{"id":248892,"date":"2026-03-11T10:31:55","date_gmt":"2026-03-11T13:31:55","guid":{"rendered":"https:\/\/corrientesdetarde.com\/?p=248892"},"modified":"2026-03-11T10:45:56","modified_gmt":"2026-03-11T13:45:56","slug":"venden-la-cupe-fuego-de-maradona-a-precio-de-reliquia","status":"publish","type":"post","link":"https:\/\/corrientesdetarde.com\/index.php\/informacion-general\/venden-la-cupe-fuego-de-maradona-a-precio-de-reliquia\/","title":{"rendered":"Venden la cup\u00e9 Fuego de Maradona a precio de reliquia"},"content":{"rendered":"\n<p><strong>Diego Armando Maradona<\/strong>&nbsp;fue un gran amante de los autos. Son c\u00e9lebres sus historias, desde&nbsp;<strong>su primer 0 km<\/strong>&nbsp;que fue un<strong>&nbsp;Fiat 128<\/strong>, a&nbsp;la<strong>&nbsp;Ferrari Testarrosa<\/strong>&nbsp;de color negro&nbsp;o al&nbsp;<strong>cami\u00f3n Scania<\/strong>&nbsp;con el que sorprendi\u00f3 a todos en un entrenamiento de&nbsp;<strong>Boca Juniors<\/strong>. Otra de sus m\u00e1quinas ic\u00f3nicas es una cup\u00e9&nbsp;<strong>Renault Fuego GTA Max&nbsp;<\/strong>que volvi\u00f3 a aparecer y est\u00e1 a la venta. Se trata de una joya de 1991 que luce inmaculada. El veh\u00edculo del recordado&nbsp;<em>Diez&nbsp;<\/em>volvi\u00f3 a la escena gracias a una piloto y esta es su historia.<\/p>\n\n\n\n<figure class=\"wp-block-image size-full\"><img loading=\"lazy\" decoding=\"async\" width=\"992\" height=\"558\" src=\"https:\/\/corrientesdetarde.com\/wp-content\/uploads\/2026\/03\/image-270.png\" alt=\"\" class=\"wp-image-248899\" srcset=\"https:\/\/corrientesdetarde.com\/wp-content\/uploads\/2026\/03\/image-270.png 992w, https:\/\/corrientesdetarde.com\/wp-content\/uploads\/2026\/03\/image-270-300x169.png 300w, https:\/\/corrientesdetarde.com\/wp-content\/uploads\/2026\/03\/image-270-768x432.png 768w\" sizes=\"auto, (max-width: 992px) 100vw, 992px\" \/><\/figure>\n\n\n\n<p>En 1991 Diego regres\u00f3 a Argentina debido a la suspensi\u00f3n de 15 meses por el doping en un partido del&nbsp;<strong>Napoli&nbsp;<\/strong>contra el&nbsp;<strong>Bari&nbsp;<\/strong>por la&nbsp;<strong>Serie A&nbsp;<\/strong>de&nbsp;<strong>Italia<\/strong>. Junto a su familia, fue arropado por sus seres queridos y tambi\u00e9n recibi\u00f3 el cari\u00f1o de los fan\u00e1ticos.&nbsp;<strong>Maradona<\/strong>, por entonces de 30 a\u00f1os, busc\u00f3 un coche para poder moverse en Buenos Aires y en junio de ese a\u00f1o compr\u00f3 esta cup\u00e9 Fuego 0 km. Su motor es de 2.2 litros con 123 caballos de potencia y&nbsp;<strong>lleg\u00f3 a ser el auto de fabricaci\u00f3n nacional m\u00e1s veloz de su \u00e9poca: 198 km\/h<\/strong>, seg\u00fan record\u00f3 el sitio especializado&nbsp;<em>Autoblog<\/em>.<\/p>\n\n\n\n<figure class=\"wp-block-image size-full\"><img decoding=\"async\" src=\"https:\/\/corrientesdetarde.com\/wp-content\/uploads\/2026\/03\/image-271.png\" alt=\"\" class=\"wp-image-248900\"\/><\/figure>\n\n\n\n<p>A bordo de esa GTA Max, qued\u00f3 registrado en una de las llegadas del astro del f\u00fatbol a los estudios donde se hizo el programa&nbsp;<em>Ritmo de la Noche<\/em>, conducido por Marcelo Tinelli. Diego era habitual presencia en esa \u00e9poca, ya que jugaba picados con sus ex compa\u00f1eros de la Selecci\u00f3n y tambi\u00e9n alguna que otra reedici\u00f3n del Supercl\u00e1sico que tambi\u00e9n tuvo como protagonista al&nbsp;<strong>Beto Alonso<\/strong>.<\/p>\n\n\n\n<p>Tambi\u00e9n lo usaba para ir a entrenar a los bosques de Palermo y un domingo se fue al&nbsp;<strong>Aut\u00f3dromo de la Ciudad de Buenos Aires Oscar y Juan G\u00e1lvez<\/strong>, para presenciar una carrera de&nbsp;<strong>Turismo Carretera<\/strong>. Ese d\u00eda&nbsp;<strong>Oscar Aventin<\/strong>&nbsp;lo llev\u00f3 en su&nbsp;<strong>Ford Falcon<\/strong>&nbsp;en la vuelta previa. El propio Puma de Mor\u00f3n le vendi\u00f3 el auto en cuesti\u00f3n. \u201cNosotros no sab\u00edamos que \u00e9l iba a ir al aut\u00f3dromo. Estuvo con su ex suegro y con una barra de amigos. Yo lo conoc\u00eda porque le hab\u00eda vendido unos autos de Renault. Creo que le vend\u00ed una cup\u00e9 Fuego. A \u00e9l le gustaban mucho los autos y en Italia ten\u00eda una Ferrari, un Lamborghini\u201d, le cont\u00f3 a este medio el&nbsp;<em><strong>Puma<\/strong><\/em><strong>&nbsp;Aventin<\/strong>. \u201c<strong>Gracias a Diego ese d\u00eda el TC dio la vuelta al mundo<\/strong>. Adem\u00e1s, me trajo suerte y buenas ondas porque luego fui campe\u00f3n. Ese triunfo fue sobresaliente y no fue una victoria m\u00e1s, ya que tuve el honor de llevarlo una vuelta\u201d, destac\u00f3 el ex piloto de Mor\u00f3n, que gan\u00f3 en aquella jornada.<\/p>\n\n\n\n<p>Sin embargo,&nbsp;<strong>Maradona<\/strong>&nbsp;tuvo poco tiempo esa Fuego, ya que la vendi\u00f3 en julio de 1992, ante su vuelta a Europa para jugar en el&nbsp;<strong>Sevilla<\/strong>&nbsp;de Espa\u00f1a. En ese momento lo adquiri\u00f3 una persona llamada<strong>&nbsp;Benigno Rosende y Calvo<\/strong>, como ilustra el t\u00edtulo de propiedad.<\/p>\n\n\n\n<figure class=\"wp-block-image size-large\"><img loading=\"lazy\" decoding=\"async\" width=\"833\" height=\"1024\" src=\"https:\/\/corrientesdetarde.com\/wp-content\/uploads\/2026\/03\/image-269-833x1024.png\" alt=\"\" class=\"wp-image-248898\" srcset=\"https:\/\/corrientesdetarde.com\/wp-content\/uploads\/2026\/03\/image-269-833x1024.png 833w, https:\/\/corrientesdetarde.com\/wp-content\/uploads\/2026\/03\/image-269-244x300.png 244w, https:\/\/corrientesdetarde.com\/wp-content\/uploads\/2026\/03\/image-269-768x945.png 768w, https:\/\/corrientesdetarde.com\/wp-content\/uploads\/2026\/03\/image-269.png 992w\" sizes=\"auto, (max-width: 833px) 100vw, 833px\" \/><\/figure>\n\n\n\n<p>Pasaron los a\u00f1os y en septiembre de 2018 el auto estuvo en manos de un vendedor llamado&nbsp;<strong>Ezequiel Bonelli<\/strong>, quien lo puso en venta por 23.000 d\u00f3lares, de acuerdo a lo publicado tambi\u00e9n por&nbsp;<em>Autoblog<\/em>. Se concret\u00f3 la operaci\u00f3n y en 2022 fue subastado por la empresa Trick NFTs, donde se pudo participar por un NFT (Token No Fungible) de<strong>&nbsp;250 pesos<\/strong>, como inform\u00f3&nbsp;<em>Autotest<\/em>. Dicho medio indic\u00f3 que en 2024 el coche reapareci\u00f3 de forma p\u00fablica cuando fue exhibido en Plaza Serrano, en el barrio porte\u00f1o de Palermo.<\/p>\n\n\n\n<p>Dos a\u00f1os despu\u00e9s, el hist\u00f3rico producto de la marca del\u00a0<em>Rombo\u00a0<\/em>volvi\u00f3 a la escena y est\u00e1 a la venta. La piloto\u00a0<strong>Aixa Franke<\/strong>\u00a0lo public\u00f3 en sus redes sociales y, mientras prepara su retorno a las pistas en el Sport Prototipo, revel\u00f3 la actualidad del coche. Ella tambi\u00e9n se dedica a la venta de autos cl\u00e1sicos en un emprendimiento que comenz\u00f3 hace un a\u00f1o. \u201cLuego de un video que hice con un auto de Fangio, me contact\u00f3 uno de los due\u00f1os actuales de la cup\u00e9 Fuego de Maradona, que son dos socios, que la vieron en un restaurant que estaba expuesta y se la compraron al cuarto due\u00f1o\u201d, le cuenta Aixa.<\/p>\n\n\n\n<p>\u201cEl coche luce en impecable estado debido a que siempre se cuid\u00f3 como un auto de culto, entonces nunca se us\u00f3 para uso diario y as\u00ed es que se mantuvo en buen estado durante 35 a\u00f1os\u201d, agrega quien corri\u00f3 en&nbsp;<strong>Top Race, F\u00f3rmula Nacional y TC Pista Mouras<\/strong>.<\/p>\n\n\n\n<p>Un dato que muestra el cuidado del coche es que en una foto de 2024 se ven&nbsp;<strong>67.584 kil\u00f3metros<\/strong>&nbsp;y ahora figura con&nbsp;<strong>67.622<\/strong>. \u201cEl auto est\u00e1 a la venta y los due\u00f1os piden&nbsp;<strong>65 mil d\u00f3lares<\/strong>\u201d, apunta la joven que tambi\u00e9n es dise\u00f1adora industrial e influencer. En el video que ella hizo se ve el estado impecable del coche que perteneci\u00f3 al capit\u00e1n de la selecci\u00f3n campeona del mundo hace cuatro d\u00e9cadas en M\u00e9xico.<\/p>\n\n\n\n<p>El<strong>&nbsp;Renault Fuego&nbsp;<\/strong>es un modelo que tambi\u00e9n trascendi\u00f3 en el automovilismo. En el&nbsp;<strong>TC 2000 consigui\u00f3 ocho t\u00edtulos consecutivos<\/strong>,seis con&nbsp;<strong>Juan Mar\u00eda Traverso<\/strong>en el poderoso equipo oficial a cargo de&nbsp;<strong>Oreste Berta<\/strong>,uno de&nbsp;<strong>Miguel \u00c1ngel Guerra<\/strong>y otro del recordado&nbsp;<strong>Silvio H\u00e9ctor Oltra.<\/strong><\/p>\n\n\n\n<p><strong>Franke<\/strong>&nbsp;es conocida en el ambiente por su alto perfil y por romper estereotipos en un deporte que, si bien es uno de los pocos que permite la igualdad de g\u00e9nero en cuanto a la competencia en pista, desde hace 34 a\u00f1os no tiene una mujer como titular en la&nbsp;<strong>F\u00f3rmula 1<\/strong>, cuando la italiana&nbsp;<strong>Giovana Amatti&nbsp;<\/strong>integr\u00f3 el extinto equipo&nbsp;<strong>Brabham<\/strong>, pero no pudo largar ninguna carrera en \u00e9pocas en las que hab\u00eda eliminados en la preclasificaci\u00f3n por la cantidad de equipos.<\/p>\n\n\n\n<p>Sobre el tema, Aixa explica que \u201clo que ocurre&nbsp;<strong>es por la cantidad.<\/strong>&nbsp;Falta que se sumen mujeres y tambi\u00e9n las marcas, para que&nbsp;<strong>adem\u00e1s de gimnasia art\u00edstica, las peque\u00f1as sepan que tambi\u00e9n pueden correr en karting<\/strong>. Es una cuesti\u00f3n de probabilidades: si ten\u00e9s diez chiquitas corriendo en karting ten\u00e9s menos posibilidades de que lleguen que si ten\u00e9s a 100 corriendo; ah\u00ed&nbsp;<strong>es probable que de esas 100 tengas a una campeona<\/strong>. Se deben dar muchas condiciones para que alguien llegue a la F1. Si a eso le sumamos la poca cantidad de mujeres es casi nula la posibilidad, es una cuesti\u00f3n de estad\u00edstica. Si te fij\u00e1s en Argentina, hay varias corriendo y se destacan\u201d.<\/p>\n\n\n\n<p>Ahora&nbsp;<strong>Aixa Franke<\/strong>&nbsp;espera volver a las pistas cuanto antes, pero mientras tanto est\u00e1 a cargo de que la emblem\u00e1tica cup\u00e9 Renault Fuego de&nbsp;<strong>Diego Armando Maradona&nbsp;<\/strong>tenga nuevo due\u00f1o en el a\u00f1o del<strong>&nbsp;Mundial.<\/strong><\/p>\n","protected":false},"excerpt":{"rendered":"<p>Diego Armando Maradona&nbsp;fue un gran amante de los autos. Son c\u00e9lebres sus historias, desde&nbsp;su primer 0 km&nbsp;que fue un&nbsp;Fiat 128, a&nbsp;la&nbsp;Ferrari Testarrosa&nbsp;de color negro&nbsp;o al&nbsp;cami\u00f3n Scania&nbsp;con el que sorprendi\u00f3 a&hellip; <\/p>\n","protected":false},"author":1,"featured_media":248900,"comment_status":"closed","ping_status":"open","sticky":false,"template":"","format":"standard","meta":{"footnotes":""},"categories":[1],"tags":[],"class_list":["post-248892","post","type-post","status-publish","format-standard","has-post-thumbnail","hentry","category-informacion-general"],"_links":{"self":[{"href":"https:\/\/corrientesdetarde.com\/index.php\/wp-json\/wp\/v2\/posts\/248892","targetHints":{"allow":["GET"]}}],"collection":[{"href":"https:\/\/corrientesdetarde.com\/index.php\/wp-json\/wp\/v2\/posts"}],"about":[{"href":"https:\/\/corrientesdetarde.com\/index.php\/wp-json\/wp\/v2\/types\/post"}],"author":[{"embeddable":true,"href":"https:\/\/corrientesdetarde.com\/index.php\/wp-json\/wp\/v2\/users\/1"}],"replies":[{"embeddable":true,"href":"https:\/\/corrientesdetarde.com\/index.php\/wp-json\/wp\/v2\/comments?post=248892"}],"version-history":[{"count":2,"href":"https:\/\/corrientesdetarde.com\/index.php\/wp-json\/wp\/v2\/posts\/248892\/revisions"}],"predecessor-version":[{"id":248909,"href":"https:\/\/corrientesdetarde.com\/index.php\/wp-json\/wp\/v2\/posts\/248892\/revisions\/248909"}],"wp:featuredmedia":[{"embeddable":true,"href":"https:\/\/corrientesdetarde.com\/index.php\/wp-json\/wp\/v2\/media\/248900"}],"wp:attachment":[{"href":"https:\/\/corrientesdetarde.com\/index.php\/wp-json\/wp\/v2\/media?parent=248892"}],"wp:term":[{"taxonomy":"category","embeddable":true,"href":"https:\/\/corrientesdetarde.com\/index.php\/wp-json\/wp\/v2\/categories?post=248892"},{"taxonomy":"post_tag","embeddable":true,"href":"https:\/\/corrientesdetarde.com\/index.php\/wp-json\/wp\/v2\/tags?post=248892"}],"curies":[{"name":"wp","href":"https:\/\/api.w.org\/{rel}","templated":true}]}}