{"id":248894,"date":"2026-03-11T09:59:03","date_gmt":"2026-03-11T12:59:03","guid":{"rendered":"https:\/\/corrientesdetarde.com\/?p=248894"},"modified":"2026-03-11T09:59:16","modified_gmt":"2026-03-11T12:59:16","slug":"mujeres-creando-exposicion-de-trabajos-artesanales-y-concierto-de-voces-femeninas-en-la-legislatura","status":"publish","type":"post","link":"https:\/\/corrientesdetarde.com\/index.php\/informacion-general\/mujeres-creando-exposicion-de-trabajos-artesanales-y-concierto-de-voces-femeninas-en-la-legislatura\/","title":{"rendered":"\u201cMujeres Creando\u201d: exposici\u00f3n de trabajos artesanales y concierto de voces femeninas en la Legislatura"},"content":{"rendered":"\n<p>JUEVES 12 A LAS 20<\/p>\n\n\n\n<p>En el marco de las actividades del mes de marzo, Mes de la Mujer, la Legislatura de Corrientes invita a la comunidad a participar de \u201cMujeres Creando\u201d, una exposici\u00f3n de trabajos de mujeres artesanas que a trav\u00e9s de distintas t\u00e9cnicas y trabajos manuales expresan su arte e identidad, acompa\u00f1adas de una propuesta musical protagonizada por voces femeninas de la Coral Corrientes de la Honorable C\u00e1mara de Senadores.<\/p>\n\n\n\n<figure class=\"wp-block-image size-large\"><img loading=\"lazy\" decoding=\"async\" width=\"868\" height=\"1024\" src=\"https:\/\/corrientesdetarde.com\/wp-content\/uploads\/2026\/03\/image-268-868x1024.png\" alt=\"\" class=\"wp-image-248895\"\/><\/figure>\n\n\n\n<p><\/p>\n\n\n\n<p>El evento se realizar\u00e1 el jueves 12 de marzo a las 20 horas en la Legislatura Provincial, y reunir\u00e1 a artesanas que se destacan en distintas \u00e1reas como tejido, tallado en madera, cester\u00eda en mimbre, cer\u00e1mica, mosaiquismo entre otros, ellas son: Lupicia Escobar, Susana Coronas, Laura Costa, M\u00f3nica Coronas, Jaqueline Fern\u00e1ndez, Desiree Frutos, Andy Gagliardino, Macarena Umbert y Rosa C\u00e1ceres.<\/p>\n\n\n\n<figure class=\"wp-block-embed is-type-video is-provider-youtube wp-block-embed-youtube wp-embed-aspect-16-9 wp-has-aspect-ratio\"><div class=\"wp-block-embed__wrapper\">\n<iframe loading=\"lazy\" title=\"Invitaci\u00f3n a la Muestra &quot;Mujeres Creando&quot; en el Mes de la Mujer\" width=\"1110\" height=\"624\" src=\"https:\/\/www.youtube.com\/embed\/HgW-xo4l_n0?feature=oembed\" frameborder=\"0\" allow=\"accelerometer; autoplay; clipboard-write; encrypted-media; gyroscope; picture-in-picture; web-share\" referrerpolicy=\"strict-origin-when-cross-origin\" allowfullscreen><\/iframe>\n<\/div><\/figure>\n\n\n\n<p>Adem\u00e1s, el concierto propone un recorrido musical que pone en valor la expresi\u00f3n art\u00edstica de las mujeres, celebrando su creatividad y su aporte a la cultura a trav\u00e9s del canto coral.<\/p>\n\n\n\n<p>La actividad es organizada por la C\u00e1mara de Senadores de Corrientes con el apoyo del vicegobernador, Pedro Braillard Poccard, coordinado por Cultura Senado, como parte de la agenda cultural y de reconocimiento en el Mes de la Mujer.<\/p>\n\n\n\n<p>La invitaci\u00f3n est\u00e1 abierta a todo p\u00fablico para compartir una noche especial dedicada a la m\u00fasica y al talento femenino.<\/p>\n","protected":false},"excerpt":{"rendered":"<p>JUEVES 12 A LAS 20 En el marco de las actividades del mes de marzo, Mes de la Mujer, la Legislatura de Corrientes invita a la comunidad a participar de&hellip; <\/p>\n","protected":false},"author":1,"featured_media":248895,"comment_status":"closed","ping_status":"open","sticky":false,"template":"","format":"standard","meta":{"footnotes":""},"categories":[1],"tags":[],"class_list":["post-248894","post","type-post","status-publish","format-standard","has-post-thumbnail","hentry","category-informacion-general"],"_links":{"self":[{"href":"https:\/\/corrientesdetarde.com\/index.php\/wp-json\/wp\/v2\/posts\/248894","targetHints":{"allow":["GET"]}}],"collection":[{"href":"https:\/\/corrientesdetarde.com\/index.php\/wp-json\/wp\/v2\/posts"}],"about":[{"href":"https:\/\/corrientesdetarde.com\/index.php\/wp-json\/wp\/v2\/types\/post"}],"author":[{"embeddable":true,"href":"https:\/\/corrientesdetarde.com\/index.php\/wp-json\/wp\/v2\/users\/1"}],"replies":[{"embeddable":true,"href":"https:\/\/corrientesdetarde.com\/index.php\/wp-json\/wp\/v2\/comments?post=248894"}],"version-history":[{"count":1,"href":"https:\/\/corrientesdetarde.com\/index.php\/wp-json\/wp\/v2\/posts\/248894\/revisions"}],"predecessor-version":[{"id":248896,"href":"https:\/\/corrientesdetarde.com\/index.php\/wp-json\/wp\/v2\/posts\/248894\/revisions\/248896"}],"wp:featuredmedia":[{"embeddable":true,"href":"https:\/\/corrientesdetarde.com\/index.php\/wp-json\/wp\/v2\/media\/248895"}],"wp:attachment":[{"href":"https:\/\/corrientesdetarde.com\/index.php\/wp-json\/wp\/v2\/media?parent=248894"}],"wp:term":[{"taxonomy":"category","embeddable":true,"href":"https:\/\/corrientesdetarde.com\/index.php\/wp-json\/wp\/v2\/categories?post=248894"},{"taxonomy":"post_tag","embeddable":true,"href":"https:\/\/corrientesdetarde.com\/index.php\/wp-json\/wp\/v2\/tags?post=248894"}],"curies":[{"name":"wp","href":"https:\/\/api.w.org\/{rel}","templated":true}]}}