{"id":248903,"date":"2026-03-11T10:39:09","date_gmt":"2026-03-11T13:39:09","guid":{"rendered":"https:\/\/corrientesdetarde.com\/?p=248903"},"modified":"2026-03-11T10:39:21","modified_gmt":"2026-03-11T13:39:21","slug":"lluvias-e-inundaciones-en-tucuman-salta-y-santiago-del-estero","status":"publish","type":"post","link":"https:\/\/corrientesdetarde.com\/index.php\/informacion-general\/lluvias-e-inundaciones-en-tucuman-salta-y-santiago-del-estero\/","title":{"rendered":"Lluvias e inundaciones en Tucum\u00e1n, Salta y Santiago del Estero\u00a0"},"content":{"rendered":"\n<p>Las provincias m\u00e1s afectadas por las tormentas fueron Tucum\u00e1n, Salta y Santiago del Estero, donde las calles quedaron tapadas de agua y barro. Los gobiernos locales llevaron a cabo operativos para mitigar los efectos del agua<\/p>\n\n\n\n<p>Las intensas precipitaciones registradas durante las \u00faltimas jornadas en el norte del pa\u00eds provocaron inundaciones, destrozos y situaciones cr\u00edticas en distintas ciudades de las provincias de Tucum\u00e1n, Salta y Santiago del Estero.<\/p>\n\n\n\n<p>En esta \u00faltima, hay anegamientos y desbordes. Tanto en la ciudad capital como en localidades como Monte Quemado, el agua acumulada dificult\u00f3 la circulaci\u00f3n y gener\u00f3 preocupaci\u00f3n entre los habitantes y autoridades, mientras los organismos provinciales despliegan operativos de asistencia.<\/p>\n\n\n\n<p>En la zona sur de la capital, la acumulaci\u00f3n de lluvias transform\u00f3 un canal a cielo abierto \u2014que normalmente funciona como v\u00eda de drenaje\u2014 en un foco de tensi\u00f3n. Ese cauce, que delimita los barrios Siglo XXI y 750 Viviendas, alcanz\u00f3 niveles de agua que rozan los bordes de las calles colectoras, seg\u00fan advirti\u00f3 El Liberal.<\/p>\n\n\n\n<p>El taponamiento, agravado por la presencia de residuos y el caudal que ingresa desde otras \u00e1reas de la ciudad, ralentiz\u00f3 el escurrimiento e increment\u00f3 el temor de los vecinos. Ante ese panorama, las autoridades recomendaron circular con m\u00e1xima precauci\u00f3n, ya que las previsiones meteorol\u00f3gicas anticipaban la persistencia de las lluvias.<\/p>\n\n\n\n<p>En Monte Quemado, las lluvias recientes provocaron el ingreso de agua en numerosas viviendas y anegaron calles y avenidas principales. El medio santiague\u00f1o consign\u00f3 que residentes de diversos barrios manifestaron preocupaci\u00f3n, mientras el agua cubr\u00eda calles enteras y dificultaba tanto la circulaci\u00f3n peatonal como vehicular.<\/p>\n\n\n\n<p>El colapso de los canales pluviales, incapaces de drenar el caudal generado por las precipitaciones, potenci\u00f3 el riesgo en las zonas m\u00e1s bajas y vulnerables.<\/p>\n\n\n\n<p>La emergencia llev\u00f3 a la Municipalidad de Monte Quemado a emitir un comunicado pidiendo a la poblaci\u00f3n suspender todo tr\u00e1nsito vehicular que no sea de estricta emergencia. Circular por calles anegadas, advirtieron, complica la tarea de quienes buscan proteger sus viviendas. Paralelamente, se activ\u00f3 un operativo de asistencia con la participaci\u00f3n de la Polic\u00eda de la Provincia, Gendarmer\u00eda, personal de APS y el \u00e1rea de Bosques. Adem\u00e1s, el Centro Cultural local qued\u00f3 habilitado como refugio para evacuados, y se difundieron l\u00edneas telef\u00f3nicas para solicitar ayuda: 3841-416459 y 385-4787709.<\/p>\n\n\n\n<p>Frente a la magnitud del evento, el Gobierno de la Provincia de Santiago del Estero activ\u00f3 un operativo preventivo y de asistencia en coordinaci\u00f3n con municipios y entes provinciales.<\/p>\n\n\n\n<p>En San Jos\u00e9 de Met\u00e1n, Salta, el registro de 145 mil\u00edmetros de lluvia en doce horas provoc\u00f3 dep\u00f3sitos de sedimentos y serios da\u00f1os en m\u00faltiples barrios<\/p>\n\n\n\n<p>El monitoreo constante y la articulaci\u00f3n entre \u00e1reas operativas fue eje de una reuni\u00f3n encabezada por el jefe de Gabinete, V\u00edctor Araujo, quien reuni\u00f3 a representantes de los ministerios de Desarrollo Social (incluyendo Defensa Civil y Desarrollo), Obras P\u00fablicas y Gobierno, junto a la Subsecretar\u00eda del Agua, el Consejo Provincial de Vialidad, Recursos H\u00eddricos y la Polic\u00eda de la Provincia.<\/p>\n\n\n\n<p>En ese encuentro, autoridades como el ministro de Desarrollo Social, \u00c1ngel Niccolai; de Gobierno, Bernardo Herrera; de Obras P\u00fablicas, Aldo Hid; el Secretario de Obras P\u00fablicas, Jorge Zua\u00edn; el Jefe de Polic\u00eda, Laureano Silva; el Subsecretario del Agua, Sergio Saltz; de Desarrollo Social, Ramiro Banco; de Defensa Civil, Mario Guzm\u00e1n; el presidente de Vialidad, Jos\u00e9 Alfano y el titular de Recursos H\u00eddricos, Ra\u00fal Montero, evaluaron el estado de situaci\u00f3n y coordinaron las acciones de acompa\u00f1amiento para las familias afectadas.<\/p>\n\n\n\n<p>El temporal tambi\u00e9n golpe\u00f3 en Salta, a la ciudad de San Jos\u00e9 de Met\u00e1n, donde dej\u00f3 145 mil\u00edmetros de lluvia en apenas doce horas, seg\u00fan datos oficiales del SMN citados por El Tribuno. Entre la noche y la ma\u00f1ana, la ciudad del sur salte\u00f1o vivi\u00f3 una de las lluvias m\u00e1s intensas de los \u00faltimos meses, lo que provoc\u00f3 la interrupci\u00f3n de la circulaci\u00f3n y acumulaciones de sedimentos en diversos barrios.<\/p>\n\n\n\n<p>Apenas se disiparon las precipitaciones, cuadrillas de la municipalidad desplegaron equipos en las calles con el objetivo de restablecer la normalidad y garantizar condiciones de seguridad para peatones y conductores.<\/p>\n\n\n\n<p>Las tareas de limpieza se concentraron en los sectores m\u00e1s afectados, donde el agua arrastr\u00f3 una importante cantidad de barro, ramas y restos vegetales hacia las calzadas y accesos. El municipio moviliz\u00f3 maquinaria pesada y personal de distintas \u00e1reas para retirar los sedimentos y despejar los desag\u00fces, una labor que busca habilitar progresivamente la circulaci\u00f3n y evitar nuevos desbordes.<\/p>\n\n\n\n<p>En paralelo a la actividad oficial, los testimonios de los vecinos reflejaron el impacto del fen\u00f3meno en viviendas particulares. Feliz Vanucci, residente de la calle Islas Malvinas 421, en el barrio La Fraternidad, relat\u00f3 a El Tribuno: &#8220;Entr\u00f3 mucha agua y perdimos muchas cosas. Necesitamos una soluci\u00f3n&#8221;.<\/p>\n\n\n\n<p>Las lluvias intensas que afectaron a Tucum\u00e1n generaron en las \u00faltimas horas una serie de inconvenientes en la red vial provincial. El fen\u00f3meno meteorol\u00f3gico provoc\u00f3 complicaciones en diversas rutas, entre ellas la ruta provincial 308 a la altura de Villa Batiruana, donde un \u00e1rbol ca\u00eddo interrumpi\u00f3 el tr\u00e1nsito de manera temporal. De acuerdo con la informaci\u00f3n difundida por la Direcci\u00f3n Provincial de Vialidad, replicada por La Gaceta, la situaci\u00f3n se torn\u00f3 especialmente compleja en varios puntos del territorio tucumano.<\/p>\n\n\n\n<p>En la ruta provincial 334, en el sector correspondiente a Los Pizarros, se report\u00f3 un episodio similar, ya que la ca\u00edda de un \u00e1rbol oblig\u00f3 a suspender la circulaci\u00f3n de veh\u00edculos de forma moment\u00e1nea. El organismo vial precis\u00f3 que las cuadrillas trabajaron en la remoci\u00f3n de los obst\u00e1culos mientras se manten\u00eda la recomendaci\u00f3n de circular con extrema precauci\u00f3n.<\/p>\n\n\n\n<p>Por otro lado, la ruta provincial 338, en el trayecto hacia Villa Nougu\u00e9s, permaneci\u00f3 habilitada, aunque una de las manos continu\u00f3 cortada debido a la presencia de otro \u00e1rbol ca\u00eddo, detall\u00f3 la fuente. Las autoridades insistieron en la necesidad de evitar desplazamientos que no resulten imprescindibles y aconsejaron a los conductores mantenerse atentos a las se\u00f1ales viales y a las indicaciones oficiales.<\/p>\n\n\n\n<p>Con el correr de las horas, la situaci\u00f3n en territorio tucumano comenz\u00f3 a empeorar. &#8220;La situaci\u00f3n es complicada. En este momento lo principal es asistir a la gente, porque no se puede hacer mucho m\u00e1s que eso&#8221;, afirm\u00f3 Miguel Abboud, secretario de Obras P\u00fablicas del municipio de Juan Bautista Alberdi, a La Gaceta.<\/p>\n\n\n\n<p>Seg\u00fan detall\u00f3 el funcionario, a pesar de que el sistema de drenaje opera casi al l\u00edmite, la situaci\u00f3n dentro de la ciudad contin\u00faa bajo control. Adem\u00e1s, confirm\u00f3 que solo diez personas fueron confirmadas, mientras que otras no quisieron salir de sus hogares y fueron atendidas en el lugar.<\/p>\n\n\n\n<p>El Gobierno provincial decidi\u00f3 suspender las clases en toda la provincia desde este martes hasta el viernes, medida que abarca a todos los niveles educativos, tanto p\u00fablicos como privados. Los edificios escolares podr\u00e1n ser utilizados como lugares de evacuaci\u00f3n.<\/p>\n\n\n\n<p>El gobernador Osvaldo Jaldo resolvi\u00f3 esta tarde interrumpir la actividad escolar en todo el territorio provincial. La decisi\u00f3n se tom\u00f3 en una reuni\u00f3n junto a la ministra de Educaci\u00f3n Susana Montaldo, miembros del gabinete y el comit\u00e9 de emergencias, y se aplica a todas las instituciones educativas p\u00fablicas y privadas.<\/p>\n\n\n\n<p>La resoluci\u00f3n 472\/5 del Ministerio de Educaci\u00f3n indica que el objetivo principal es proteger la seguridad de estudiantes, docentes y personal auxiliar, y establece que la suspensi\u00f3n se extiende hasta el viernes inclusive. Por ende, las clases se reanudar\u00e1n el lunes 16.<\/p>\n\n\n\n<p>Esta medida responde a la necesidad de verificar el estado de los edificios escolares y de las v\u00edas de acceso, tras las intensas precipitaciones que superaron los 160 mil\u00edmetros en la provincia.<\/p>\n\n\n\n<p>Adem\u00e1s, los directores de los establecimientos deber\u00e1n ponerse a disposici\u00f3n de las autoridades locales para permitir el uso de las escuelas como centros de evacuaci\u00f3n en caso de que se requiera asistir a personas afectadas por las inundaciones en las zonas comprometidas.<\/p>\n\n\n\n<p>De acuerdo con el SMN, la regi\u00f3n durante lo que resta del martes permanecer\u00e1 bajo alerta amarilla por tormentas. Mientras que para el mi\u00e9rcoles se espera que la situaci\u00f3n sea a\u00fan m\u00e1s riesgosa: en Tucum\u00e1n, Salta y Jujuy, as\u00ed como parte de Santiago del Estero, la advertencia es de color naranja.<\/p>\n\n\n\n<p>Para el jueves, la situaci\u00f3n comenzar\u00e1 a calmarse en la regi\u00f3n, solamente Salta y Jujuy quedar\u00e1n bajo alerta amarilla.&nbsp;<\/p>\n","protected":false},"excerpt":{"rendered":"<p>Las provincias m\u00e1s afectadas por las tormentas fueron Tucum\u00e1n, Salta y Santiago del Estero, donde las calles quedaron tapadas de agua y barro. Los gobiernos locales llevaron a cabo operativos&hellip; <\/p>\n","protected":false},"author":1,"featured_media":248904,"comment_status":"closed","ping_status":"open","sticky":false,"template":"","format":"standard","meta":{"footnotes":""},"categories":[1],"tags":[],"class_list":["post-248903","post","type-post","status-publish","format-standard","has-post-thumbnail","hentry","category-informacion-general"],"_links":{"self":[{"href":"https:\/\/corrientesdetarde.com\/index.php\/wp-json\/wp\/v2\/posts\/248903","targetHints":{"allow":["GET"]}}],"collection":[{"href":"https:\/\/corrientesdetarde.com\/index.php\/wp-json\/wp\/v2\/posts"}],"about":[{"href":"https:\/\/corrientesdetarde.com\/index.php\/wp-json\/wp\/v2\/types\/post"}],"author":[{"embeddable":true,"href":"https:\/\/corrientesdetarde.com\/index.php\/wp-json\/wp\/v2\/users\/1"}],"replies":[{"embeddable":true,"href":"https:\/\/corrientesdetarde.com\/index.php\/wp-json\/wp\/v2\/comments?post=248903"}],"version-history":[{"count":1,"href":"https:\/\/corrientesdetarde.com\/index.php\/wp-json\/wp\/v2\/posts\/248903\/revisions"}],"predecessor-version":[{"id":248905,"href":"https:\/\/corrientesdetarde.com\/index.php\/wp-json\/wp\/v2\/posts\/248903\/revisions\/248905"}],"wp:featuredmedia":[{"embeddable":true,"href":"https:\/\/corrientesdetarde.com\/index.php\/wp-json\/wp\/v2\/media\/248904"}],"wp:attachment":[{"href":"https:\/\/corrientesdetarde.com\/index.php\/wp-json\/wp\/v2\/media?parent=248903"}],"wp:term":[{"taxonomy":"category","embeddable":true,"href":"https:\/\/corrientesdetarde.com\/index.php\/wp-json\/wp\/v2\/categories?post=248903"},{"taxonomy":"post_tag","embeddable":true,"href":"https:\/\/corrientesdetarde.com\/index.php\/wp-json\/wp\/v2\/tags?post=248903"}],"curies":[{"name":"wp","href":"https:\/\/api.w.org\/{rel}","templated":true}]}}