{"id":248917,"date":"2026-03-11T13:26:22","date_gmt":"2026-03-11T16:26:22","guid":{"rendered":"https:\/\/corrientesdetarde.com\/?p=248917"},"modified":"2026-03-11T13:26:34","modified_gmt":"2026-03-11T16:26:34","slug":"la-municipalidad-realizara-un-conversatorio-sobre-defensa-del-consumidor","status":"publish","type":"post","link":"https:\/\/corrientesdetarde.com\/index.php\/sociales\/la-municipalidad-realizara-un-conversatorio-sobre-defensa-del-consumidor\/","title":{"rendered":"La Municipalidad realizar\u00e1 un conversatorio sobre defensa del consumidor"},"content":{"rendered":"\n<p><em>El encuentro se desarrollar\u00e1 este viernes 13 de marzo, desde las 10 h, en el Aula Magna de la Facultad de Derecho de la UNNE y abordar\u00e1 distintos aspectos vinculados a la protecci\u00f3n de los derechos de los consumidores y el rol de las instituciones.<\/em><\/p>\n\n\n\n<p>La Secretar\u00eda de Pol\u00edtica Institucional de la Municipalidad de Corrientes realizar\u00e1 este viernes 13 de marzo el conversatorio \u201cLa defensa del consumidor como eje de pol\u00edticas p\u00fablicas\u201d, una actividad abierta destinada a promover el an\u00e1lisis y la reflexi\u00f3n sobre los derechos de los consumidores y su rol dentro de las pol\u00edticas p\u00fablicas.<br><br>El encuentro se desarrollar\u00e1 de 10 a 12 horas en el Aula Magna del edificio hist\u00f3rico de la Facultad de Derecho, Ciencias Sociales y Pol\u00edticas de la Universidad Nacional del Nordeste (Salta 459), en modalidad presencial.<br><br>La jornada est\u00e1 dirigida a abogados, estudiantes avanzados de la carrera de abogac\u00eda, procuradores, agentes municipales, as\u00ed como tambi\u00e9n a vecinos y p\u00fablico en general interesados en la tem\u00e1tica, con el objetivo de generar un espacio de intercambio que permita fortalecer el conocimiento y la difusi\u00f3n de los derechos de usuarios y consumidores.<br><br>Durante el conversatorio se abordar\u00e1n distintos ejes vinculados a la protecci\u00f3n del consumidor desde una perspectiva jur\u00eddica, institucional y social.<br><br>Entre las exposiciones previstas se encuentra la charla \u201cConsumidor somos todos\u201d, a cargo del doctor Carlos \u00c1lvez, quien reflexionar\u00e1 sobre la importancia del rol ciudadano en el ejercicio y la defensa de los derechos de consumo.<br><br>Por su parte, el doctor Carlos Silvero Fern\u00e1ndez desarrollar\u00e1 el tema \u201cDefensa del Consumidor 4.0\u201d, enfocado en los desaf\u00edos que plantea el avance de la tecnolog\u00eda, el comercio digital y las nuevas formas de consumo.<br><br>En tanto, la directora general de Usuarios y Consumidores de la Municipalidad de Corrientes, Luj\u00e1n Cardozo, expondr\u00e1 sobre \u201cDefensa del Consumidor en Acci\u00f3n\u201d, donde presentar\u00e1 el trabajo que se lleva adelante desde el \u00e1rea municipal para acompa\u00f1ar, asesorar y proteger a los vecinos ante situaciones vinculadas a relaciones de consumo.<br><br>Finalmente, la jueza del Juzgado de Faltas N\u00ba6, Daniela Carbone, abordar\u00e1 \u201cEl rol del Juzgado de Faltas\u201d, explicando el funcionamiento de este \u00e1mbito institucional en la resoluci\u00f3n de conflictos vinculados a infracciones y reclamos de consumidores.<br><br>INSCRIPCI\u00d3N<br><br>Las personas interesadas en participar pueden realizar la inscripci\u00f3n previa a trav\u00e9s del siguiente enlace:&nbsp;<a href=\"https:\/\/ciudaddecorrientes.us12.list-manage.com\/track\/click?u=253e4bcff71216c6af771c3c9&amp;id=4b484a0e30&amp;e=17643edfa8\" target=\"_blank\" rel=\"noreferrer noopener\">bit.ly\/defensadelconsumidor-ejedepoliticaspublicas<\/a>.<\/p>\n\n\n\n<figure class=\"wp-block-image size-large\"><img loading=\"lazy\" decoding=\"async\" width=\"576\" height=\"1024\" src=\"https:\/\/corrientesdetarde.com\/wp-content\/uploads\/2026\/03\/image-274-576x1024.png\" alt=\"\" class=\"wp-image-248919\" srcset=\"https:\/\/corrientesdetarde.com\/wp-content\/uploads\/2026\/03\/image-274-576x1024.png 576w, https:\/\/corrientesdetarde.com\/wp-content\/uploads\/2026\/03\/image-274-169x300.png 169w, https:\/\/corrientesdetarde.com\/wp-content\/uploads\/2026\/03\/image-274-768x1365.png 768w, https:\/\/corrientesdetarde.com\/wp-content\/uploads\/2026\/03\/image-274-864x1536.png 864w, https:\/\/corrientesdetarde.com\/wp-content\/uploads\/2026\/03\/image-274-1152x2048.png 1152w\" sizes=\"auto, (max-width: 576px) 100vw, 576px\" \/><\/figure>\n","protected":false},"excerpt":{"rendered":"<p>El encuentro se desarrollar\u00e1 este viernes 13 de marzo, desde las 10 h, en el Aula Magna de la Facultad de Derecho de la UNNE y abordar\u00e1 distintos aspectos vinculados&hellip; <\/p>\n","protected":false},"author":8,"featured_media":248918,"comment_status":"closed","ping_status":"open","sticky":false,"template":"","format":"standard","meta":{"footnotes":""},"categories":[17],"tags":[],"class_list":["post-248917","post","type-post","status-publish","format-standard","has-post-thumbnail","hentry","category-sociales"],"_links":{"self":[{"href":"https:\/\/corrientesdetarde.com\/index.php\/wp-json\/wp\/v2\/posts\/248917","targetHints":{"allow":["GET"]}}],"collection":[{"href":"https:\/\/corrientesdetarde.com\/index.php\/wp-json\/wp\/v2\/posts"}],"about":[{"href":"https:\/\/corrientesdetarde.com\/index.php\/wp-json\/wp\/v2\/types\/post"}],"author":[{"embeddable":true,"href":"https:\/\/corrientesdetarde.com\/index.php\/wp-json\/wp\/v2\/users\/8"}],"replies":[{"embeddable":true,"href":"https:\/\/corrientesdetarde.com\/index.php\/wp-json\/wp\/v2\/comments?post=248917"}],"version-history":[{"count":1,"href":"https:\/\/corrientesdetarde.com\/index.php\/wp-json\/wp\/v2\/posts\/248917\/revisions"}],"predecessor-version":[{"id":248920,"href":"https:\/\/corrientesdetarde.com\/index.php\/wp-json\/wp\/v2\/posts\/248917\/revisions\/248920"}],"wp:featuredmedia":[{"embeddable":true,"href":"https:\/\/corrientesdetarde.com\/index.php\/wp-json\/wp\/v2\/media\/248918"}],"wp:attachment":[{"href":"https:\/\/corrientesdetarde.com\/index.php\/wp-json\/wp\/v2\/media?parent=248917"}],"wp:term":[{"taxonomy":"category","embeddable":true,"href":"https:\/\/corrientesdetarde.com\/index.php\/wp-json\/wp\/v2\/categories?post=248917"},{"taxonomy":"post_tag","embeddable":true,"href":"https:\/\/corrientesdetarde.com\/index.php\/wp-json\/wp\/v2\/tags?post=248917"}],"curies":[{"name":"wp","href":"https:\/\/api.w.org\/{rel}","templated":true}]}}