{"id":248921,"date":"2026-03-11T13:43:52","date_gmt":"2026-03-11T16:43:52","guid":{"rendered":"https:\/\/corrientesdetarde.com\/?p=248921"},"modified":"2026-03-11T13:44:04","modified_gmt":"2026-03-11T16:44:04","slug":"las-exportaciones-del-nea-crecieron-mas-del-20-y-las-de-corrientes-en-mas-del-30","status":"publish","type":"post","link":"https:\/\/corrientesdetarde.com\/index.php\/informacion-general\/las-exportaciones-del-nea-crecieron-mas-del-20-y-las-de-corrientes-en-mas-del-30\/","title":{"rendered":"Las exportaciones del NEA crecieron m\u00e1s del 20% y las de Corrientes en m\u00e1s del 30%"},"content":{"rendered":"\n<p><em>En un informe t\u00e9cnico publicado por el Instituto Nacional de Estad\u00edsticas y Censos que corresponde al origen provincial de las exportaciones del a\u00f1o pasado, se destaca el fuerte crecimiento de la regi\u00f3n NEA, dentro de la cual la provincia de Corrientes elev\u00f3 su volumen de exportaci\u00f3n en un 31,6% respecto del a\u00f1o anterior. El puerto de Capital con operatorias a pleno y el pronto funcionamiento del de Ituzaing\u00f3 apalancan la expectativa de un crecimiento exponencial en el futuro cercano.<\/em><\/p>\n\n\n\n<p>La fuerte promoci\u00f3n comercial de la provincia encarada por el gobierno, sumada a obras estrat\u00e9gicas como la activaci\u00f3n y ampliaci\u00f3n del puerto de Capital, as\u00ed como la expectativa por el pronto funcionamiento de la actividad portuaria en Ituzaing\u00f3, respaldan la actividad comercial al exterior desde la provincia, que mostr\u00f3 en 2025 un significativo crecimiento y operatorias por 336 millones de d\u00f3lares en ese per\u00edodo.<\/p>\n\n\n\n<p>Con la matriz exportadora correntina fuertemente ligada al sector agroindustrial, el 53% de lo comercializado corresponden a productos primarios, con la exportaci\u00f3n de arroz a Brasil a la cabeza, posicionando a Corrientes de nuevo al tope del ranking exportador de este cereal, ya que desde la provincia se comercializa el 40% de arroz que la Argentina vende al mundo.<\/p>\n\n\n\n<p>La provincia de Corrientes concentra alrededor del 40 % de la producci\u00f3n nacional de arroz, lo que la posiciona como el principal polo arrocero del pa\u00eds y uno de los principales or\u00edgenes de las exportaciones argentinas de este cereal, con una caracter\u00edstica muy particular: produce el 40% del arroz nacional, pero exporta en proporci\u00f3n m\u00e1s que otras provincias,&nbsp; porque gran parte del arroz entrerriano se consume en el mercado interno, mientras que el correntino tiene perfil claramente exportador.<\/p>\n\n\n\n<p>Por otra parte, la madera y sus derivados, c\u00edtricos y yerba mate son los otros productos de exportaci\u00f3n correntina, todos sectores que muestran se\u00f1ales de potencial de crecimiento hacia el futuro.<\/p>\n\n\n\n<p>Con el gobernador Juan Pablo Vald\u00e9s en Nueva York participando de la Argentina Week, y el sostenido inter\u00e9s de la India por los productos forestoindustriales de nuestra provincia, la expectativa por superar estos indicadores positivos se acrecienta.<\/p>\n\n\n\n<p>Seg\u00fan los datos del INDEC, la provincia alcanz\u00f3 el a\u00f1o pasado su m\u00e1ximo hist\u00f3rico, con un total de 336 millones de d\u00f3lares generados por las exportaciones, que se incrementaron en un 31,6% respecto del a\u00f1o anterior. Las cifras son adem\u00e1s mayores que las de los \u00faltimos cinco a\u00f1os, que en 2024 hab\u00edan aumentado en un 7%, y en 2023 hab\u00edan ca\u00eddo con fuerza producto de los incendios y la sequ\u00eda.<\/p>\n\n\n\n<p>El informe del INDEC publicado esta semana, detalla en principio un crecimiento en torno al 9,3% de las exportaciones totales del pa\u00eds, en donde el NEA se destaca, ya que aunque lo exportado por estas provincias que incluye a Corrientes, Misiones, Formosa y Chaco representa el 1,3% del total, es la regi\u00f3n con mayor crecimiento (20,9%).<\/p>\n\n\n\n<p>\u201cEn 2025, el origen provincial de las exportaciones (OPEX), que detalla el aporte de cada regi\u00f3n y provincia al total de las ventas al exterior, registr\u00f3 subas en las cinco regiones del pa\u00eds. En efecto, la regi\u00f3n Pampeana aument\u00f3 sus exportaciones 7,1%; la regi\u00f3n Patagonia, 18,8%; la regi\u00f3n Noroeste (NOA), 16,7%; la regi\u00f3n Cuyo, 3,8%; y la regi\u00f3n Noreste (NEA), 20,9%\u201d, detalla el informe.<\/p>\n\n\n\n<p>En un comparativo por provincias de cada regi\u00f3n, adem\u00e1s se indica que Misiones lider\u00f3 la regi\u00f3n del Nordeste, con exportaciones por 533 millones de d\u00f3lares, seguida por Corrientes con 336 millones de d\u00f3lares (lo que representa casi el 30% de la regi\u00f3n), luego por Chaco con 235 millones de d\u00f3lares y al final Formosa con 29 millones de d\u00f3lares.<\/p>\n\n\n\n<p>Los pa\u00edses de destino m\u00e1s importantes fueron Brasil, con 16,3%; Estados Unidos, con 14,8%; China, con 12,7%; y Siria, con 7,0%.<\/p>\n\n\n\n<p>En la regi\u00f3n, \u201cel primer lugar de las exportaciones lo ocuparon los PP (productos primarios) por USD 462 millones, el 40,7% del total exportado por la regi\u00f3n, con un aumento de 41,3% con relaci\u00f3n al a\u00f1o anterior. Las MOA (manufacturas de origen agropecuario) sumaron USD 458 millones, 40,5% del total regional, con un aumento de 6,1% interanual. En lo que respecta a las MOI (manufacturas de origen industrial), se valorizaron en USD 213 millones, 18,8% del monto exportado por la regi\u00f3n, con un crecimiento de 19,5% con respecto a 2024\u201d, analiza el documento.<\/p>\n\n\n\n<p>En el caso particular de Corrientes, los productos primarios representaron el mayor valor exportado con USD 179 millones. Los principales mercados de destino fueron Uni\u00f3n Europea, con USD 78 millones; y Estados Unidos, M\u00e9xico y Canad\u00e1, con USD 74 millones. El principal subrubro exportado fue cereales, con un total de USD 146 millones. Tambi\u00e9n se registr\u00f3 el rubro de productos qu\u00edmicos y conexos tuvo una suba de 33,4%, y represent\u00f3 el 10,2% del total exportado.<\/p>\n\n\n\n<figure class=\"wp-block-image size-large\"><img loading=\"lazy\" decoding=\"async\" width=\"1024\" height=\"682\" src=\"https:\/\/corrientesdetarde.com\/wp-content\/uploads\/2026\/03\/image-275-1024x682.png\" alt=\"\" class=\"wp-image-248922\" srcset=\"https:\/\/corrientesdetarde.com\/wp-content\/uploads\/2026\/03\/image-275-1024x682.png 1024w, https:\/\/corrientesdetarde.com\/wp-content\/uploads\/2026\/03\/image-275-300x200.png 300w, https:\/\/corrientesdetarde.com\/wp-content\/uploads\/2026\/03\/image-275-768x512.png 768w, https:\/\/corrientesdetarde.com\/wp-content\/uploads\/2026\/03\/image-275-1536x1023.png 1536w, https:\/\/corrientesdetarde.com\/wp-content\/uploads\/2026\/03\/image-275.png 1600w\" sizes=\"auto, (max-width: 1024px) 100vw, 1024px\" \/><\/figure>\n\n\n\n<figure class=\"wp-block-image size-full\"><img loading=\"lazy\" decoding=\"async\" width=\"834\" height=\"588\" src=\"https:\/\/corrientesdetarde.com\/wp-content\/uploads\/2026\/03\/image-276.png\" alt=\"\" class=\"wp-image-248923\" srcset=\"https:\/\/corrientesdetarde.com\/wp-content\/uploads\/2026\/03\/image-276.png 834w, https:\/\/corrientesdetarde.com\/wp-content\/uploads\/2026\/03\/image-276-300x212.png 300w, https:\/\/corrientesdetarde.com\/wp-content\/uploads\/2026\/03\/image-276-768x541.png 768w\" sizes=\"auto, (max-width: 834px) 100vw, 834px\" \/><\/figure>\n\n\n\n<figure class=\"wp-block-image size-large\"><img loading=\"lazy\" decoding=\"async\" width=\"1024\" height=\"682\" src=\"https:\/\/corrientesdetarde.com\/wp-content\/uploads\/2026\/03\/image-277-1024x682.png\" alt=\"\" class=\"wp-image-248924\" srcset=\"https:\/\/corrientesdetarde.com\/wp-content\/uploads\/2026\/03\/image-277-1024x682.png 1024w, https:\/\/corrientesdetarde.com\/wp-content\/uploads\/2026\/03\/image-277-300x200.png 300w, https:\/\/corrientesdetarde.com\/wp-content\/uploads\/2026\/03\/image-277-768x512.png 768w, https:\/\/corrientesdetarde.com\/wp-content\/uploads\/2026\/03\/image-277-1536x1023.png 1536w, https:\/\/corrientesdetarde.com\/wp-content\/uploads\/2026\/03\/image-277.png 1600w\" sizes=\"auto, (max-width: 1024px) 100vw, 1024px\" \/><\/figure>\n","protected":false},"excerpt":{"rendered":"<p>En un informe t\u00e9cnico publicado por el Instituto Nacional de Estad\u00edsticas y Censos que corresponde al origen provincial de las exportaciones del a\u00f1o pasado, se destaca el fuerte crecimiento de&hellip; <\/p>\n","protected":false},"author":8,"featured_media":248925,"comment_status":"closed","ping_status":"open","sticky":false,"template":"","format":"standard","meta":{"footnotes":""},"categories":[1],"tags":[],"class_list":["post-248921","post","type-post","status-publish","format-standard","has-post-thumbnail","hentry","category-informacion-general"],"_links":{"self":[{"href":"https:\/\/corrientesdetarde.com\/index.php\/wp-json\/wp\/v2\/posts\/248921","targetHints":{"allow":["GET"]}}],"collection":[{"href":"https:\/\/corrientesdetarde.com\/index.php\/wp-json\/wp\/v2\/posts"}],"about":[{"href":"https:\/\/corrientesdetarde.com\/index.php\/wp-json\/wp\/v2\/types\/post"}],"author":[{"embeddable":true,"href":"https:\/\/corrientesdetarde.com\/index.php\/wp-json\/wp\/v2\/users\/8"}],"replies":[{"embeddable":true,"href":"https:\/\/corrientesdetarde.com\/index.php\/wp-json\/wp\/v2\/comments?post=248921"}],"version-history":[{"count":1,"href":"https:\/\/corrientesdetarde.com\/index.php\/wp-json\/wp\/v2\/posts\/248921\/revisions"}],"predecessor-version":[{"id":248926,"href":"https:\/\/corrientesdetarde.com\/index.php\/wp-json\/wp\/v2\/posts\/248921\/revisions\/248926"}],"wp:featuredmedia":[{"embeddable":true,"href":"https:\/\/corrientesdetarde.com\/index.php\/wp-json\/wp\/v2\/media\/248925"}],"wp:attachment":[{"href":"https:\/\/corrientesdetarde.com\/index.php\/wp-json\/wp\/v2\/media?parent=248921"}],"wp:term":[{"taxonomy":"category","embeddable":true,"href":"https:\/\/corrientesdetarde.com\/index.php\/wp-json\/wp\/v2\/categories?post=248921"},{"taxonomy":"post_tag","embeddable":true,"href":"https:\/\/corrientesdetarde.com\/index.php\/wp-json\/wp\/v2\/tags?post=248921"}],"curies":[{"name":"wp","href":"https:\/\/api.w.org\/{rel}","templated":true}]}}