{"id":248927,"date":"2026-03-11T13:55:44","date_gmt":"2026-03-11T16:55:44","guid":{"rendered":"https:\/\/corrientesdetarde.com\/?p=248927"},"modified":"2026-03-11T13:55:56","modified_gmt":"2026-03-11T16:55:56","slug":"la-camara-de-diputados-giro-a-comisiones-los-expedientes-ingresados","status":"publish","type":"post","link":"https:\/\/corrientesdetarde.com\/index.php\/politica\/la-camara-de-diputados-giro-a-comisiones-los-expedientes-ingresados\/","title":{"rendered":"La C\u00e1mara de Diputados gir\u00f3 a Comisiones los expedientes ingresados"},"content":{"rendered":"\n<p>La C\u00e1mara de Diputados de la Provincia, presidida por<strong>&nbsp;Eduardo Tassano,<\/strong>&nbsp;aprob\u00f3 por unanimidad que las sesiones ordinarias de este cuerpo parlamentario seguir\u00e1n siendo los d\u00edas mi\u00e9rcoles a las 11 horas.<\/p>\n\n\n\n<p>En el primer encuentro, fueron girados a las comisiones respectivas los proyectos que tomaron estado parlamentario, tal lo establecido en la t\u00e9cnica legislativa.<\/p>\n\n\n\n<p>Se aprobaron adem\u00e1s una serie de Declaraciones y se facult\u00f3 a la presidencia completar la integraci\u00f3n de las Comisiones Permanentes del cuerpo parlamentario, las que por Resoluci\u00f3n -aprobada en el recinto- fueron integradas con algunas vacantes a completar.<\/p>\n\n\n\n<p>Cabe mencionar que en breve, se reunir\u00e1 cada comisi\u00f3n para elegir sus autoridades.<\/p>\n\n\n\n<p>Se hizo menci\u00f3n tambi\u00e9n a fechas hist\u00f3ricas: D\u00eda de la Mujer y D\u00eda de la Memoria, entre otras.&nbsp;<\/p>\n\n\n\n<figure class=\"wp-block-image size-large\"><img loading=\"lazy\" decoding=\"async\" width=\"1024\" height=\"683\" src=\"https:\/\/corrientesdetarde.com\/wp-content\/uploads\/2026\/03\/Panoramica-3-1024x683.jpg\" alt=\"\" class=\"wp-image-248931\" srcset=\"https:\/\/corrientesdetarde.com\/wp-content\/uploads\/2026\/03\/Panoramica-3-1024x683.jpg 1024w, https:\/\/corrientesdetarde.com\/wp-content\/uploads\/2026\/03\/Panoramica-3-300x200.jpg 300w, https:\/\/corrientesdetarde.com\/wp-content\/uploads\/2026\/03\/Panoramica-3-768x512.jpg 768w, https:\/\/corrientesdetarde.com\/wp-content\/uploads\/2026\/03\/Panoramica-3-1536x1024.jpg 1536w, https:\/\/corrientesdetarde.com\/wp-content\/uploads\/2026\/03\/Panoramica-3-2048x1365.jpg 2048w\" sizes=\"auto, (max-width: 1024px) 100vw, 1024px\" \/><\/figure>\n\n\n\n<figure class=\"wp-block-image size-large\"><img loading=\"lazy\" decoding=\"async\" width=\"1024\" height=\"683\" src=\"https:\/\/corrientesdetarde.com\/wp-content\/uploads\/2026\/03\/Dip-Ast-1024x683.jpg\" alt=\"\" class=\"wp-image-248929\" srcset=\"https:\/\/corrientesdetarde.com\/wp-content\/uploads\/2026\/03\/Dip-Ast-1024x683.jpg 1024w, https:\/\/corrientesdetarde.com\/wp-content\/uploads\/2026\/03\/Dip-Ast-300x200.jpg 300w, https:\/\/corrientesdetarde.com\/wp-content\/uploads\/2026\/03\/Dip-Ast-768x512.jpg 768w, https:\/\/corrientesdetarde.com\/wp-content\/uploads\/2026\/03\/Dip-Ast-1536x1024.jpg 1536w, https:\/\/corrientesdetarde.com\/wp-content\/uploads\/2026\/03\/Dip-Ast-2048x1366.jpg 2048w\" sizes=\"auto, (max-width: 1024px) 100vw, 1024px\" \/><\/figure>\n\n\n\n<figure class=\"wp-block-image size-large\"><img loading=\"lazy\" decoding=\"async\" width=\"1024\" height=\"683\" src=\"https:\/\/corrientesdetarde.com\/wp-content\/uploads\/2026\/03\/Costadito-1024x683.jpg\" alt=\"\" class=\"wp-image-248930\" srcset=\"https:\/\/corrientesdetarde.com\/wp-content\/uploads\/2026\/03\/Costadito-1024x683.jpg 1024w, https:\/\/corrientesdetarde.com\/wp-content\/uploads\/2026\/03\/Costadito-300x200.jpg 300w, https:\/\/corrientesdetarde.com\/wp-content\/uploads\/2026\/03\/Costadito-768x512.jpg 768w, https:\/\/corrientesdetarde.com\/wp-content\/uploads\/2026\/03\/Costadito-1536x1024.jpg 1536w, https:\/\/corrientesdetarde.com\/wp-content\/uploads\/2026\/03\/Costadito-2048x1365.jpg 2048w\" sizes=\"auto, (max-width: 1024px) 100vw, 1024px\" \/><\/figure>\n","protected":false},"excerpt":{"rendered":"<p>La C\u00e1mara de Diputados de la Provincia, presidida por&nbsp;Eduardo Tassano,&nbsp;aprob\u00f3 por unanimidad que las sesiones ordinarias de este cuerpo parlamentario seguir\u00e1n siendo los d\u00edas mi\u00e9rcoles a las 11 horas. En&hellip; <\/p>\n","protected":false},"author":8,"featured_media":248928,"comment_status":"closed","ping_status":"open","sticky":false,"template":"","format":"standard","meta":{"footnotes":""},"categories":[3],"tags":[],"class_list":["post-248927","post","type-post","status-publish","format-standard","has-post-thumbnail","hentry","category-politica"],"_links":{"self":[{"href":"https:\/\/corrientesdetarde.com\/index.php\/wp-json\/wp\/v2\/posts\/248927","targetHints":{"allow":["GET"]}}],"collection":[{"href":"https:\/\/corrientesdetarde.com\/index.php\/wp-json\/wp\/v2\/posts"}],"about":[{"href":"https:\/\/corrientesdetarde.com\/index.php\/wp-json\/wp\/v2\/types\/post"}],"author":[{"embeddable":true,"href":"https:\/\/corrientesdetarde.com\/index.php\/wp-json\/wp\/v2\/users\/8"}],"replies":[{"embeddable":true,"href":"https:\/\/corrientesdetarde.com\/index.php\/wp-json\/wp\/v2\/comments?post=248927"}],"version-history":[{"count":1,"href":"https:\/\/corrientesdetarde.com\/index.php\/wp-json\/wp\/v2\/posts\/248927\/revisions"}],"predecessor-version":[{"id":248932,"href":"https:\/\/corrientesdetarde.com\/index.php\/wp-json\/wp\/v2\/posts\/248927\/revisions\/248932"}],"wp:featuredmedia":[{"embeddable":true,"href":"https:\/\/corrientesdetarde.com\/index.php\/wp-json\/wp\/v2\/media\/248928"}],"wp:attachment":[{"href":"https:\/\/corrientesdetarde.com\/index.php\/wp-json\/wp\/v2\/media?parent=248927"}],"wp:term":[{"taxonomy":"category","embeddable":true,"href":"https:\/\/corrientesdetarde.com\/index.php\/wp-json\/wp\/v2\/categories?post=248927"},{"taxonomy":"post_tag","embeddable":true,"href":"https:\/\/corrientesdetarde.com\/index.php\/wp-json\/wp\/v2\/tags?post=248927"}],"curies":[{"name":"wp","href":"https:\/\/api.w.org\/{rel}","templated":true}]}}