{"id":248933,"date":"2026-03-11T13:58:34","date_gmt":"2026-03-11T16:58:34","guid":{"rendered":"https:\/\/corrientesdetarde.com\/?p=248933"},"modified":"2026-03-11T13:58:41","modified_gmt":"2026-03-11T16:58:41","slug":"icaa-fortalece-la-articulacion-con-municipios-para-la-gestion-ambiental-e-hidrica","status":"publish","type":"post","link":"https:\/\/corrientesdetarde.com\/index.php\/medio-ambiente\/icaa-fortalece-la-articulacion-con-municipios-para-la-gestion-ambiental-e-hidrica\/","title":{"rendered":"ICAA fortalece la articulaci\u00f3n con Municipios para la gesti\u00f3n ambiental e h\u00eddrica"},"content":{"rendered":"\n<p>En el marco de los encuentros institucionales que el Instituto Correntino del Agua y del Ambiente (ICAA) viene desarrollando para fortalecer la gesti\u00f3n ambiental e h\u00eddrica en todo el territorio provincial, el titular del organismo, el ingeniero agr\u00f3nomo Sebasti\u00e1n Perborell, junto a su equipo t\u00e9cnico, mantuvo reuniones de trabajo con intendentes de los municipios de Tatacu\u00e1, Mocoret\u00e1 y Manuel Derqui.<\/p>\n\n\n\n<p>Durante los encuentros se abordaron distintos temas vinculados a la agenda ambiental e h\u00eddrica de cada localidad, con el objetivo de avanzar en acciones articuladas entre el organismo provincial y los gobiernos municipales.<\/p>\n\n\n\n<p><strong>Tatacu\u00e1<\/strong><\/p>\n\n\n\n<p>El titular del ICAA dialog\u00f3 con las autoridades del Municipio de Tatacu\u00e1, intendente Rodolfo Ram\u00f3n Maciel, el viceintendente Luis Gonz\u00e1lez, el responsable de Catastro Municipal Rodrigo Masilla y la asesora Edit Bandera. Durante la reuni\u00f3n se trataron temas vinculados a la regularizaci\u00f3n dominial, aspectos ambientales e h\u00eddricos, as\u00ed como la necesidad de fortalecer la articulaci\u00f3n institucional y el trabajo colaborativo entre el organismo provincial y el municipio.<\/p>\n\n\n\n<p>Mocoret\u00e1<\/p>\n\n\n\n<p>As\u00ed tambi\u00e9n, &nbsp;Perborell mantuvo una reuni\u00f3n de trabajo con el intendente de Mocoret\u00e1 Marcelo Tisocco, con quien dialog\u00f3 sobre temas prioritarios para esa localidad y la agenda de trabajo com\u00fan para impulsar proyectos que promuevan el desarrollo sostenible. En este sentido, se analizaron distintas l\u00edneas de acci\u00f3n para avanzar en iniciativas conjuntas que fortalezcan la gesti\u00f3n ambiental local.<\/p>\n\n\n\n<p>Manuel Derqui<\/p>\n\n\n\n<p>De igual manera, el administrador general del ICAA, recibi\u00f3 al intendente del municipio de Manuel Derqui, Fabi\u00e1n Guti\u00e9rrez, con qui\u00e9n dialog\u00f3 sobre distintos temas h\u00eddricos y ambientales de inter\u00e9s para el desarrollo de la comunidad, evaluando posibles acciones de acompa\u00f1amiento t\u00e9cnico e institucional por parte del organismo provincial.<\/p>\n\n\n\n<p>Desde el ICAA destacaron que estos espacios de trabajo permiten coordinar acciones, unificar criterios t\u00e9cnicos y avanzar en soluciones integrales que promuevan el ordenamiento territorial, la gesti\u00f3n sostenible de los recursos h\u00eddricos y el cumplimiento de la normativa ambiental vigente.<\/p>\n\n\n\n<p>Asimismo, el organismo provincial reafirm\u00f3 su compromiso de acompa\u00f1ar a los municipios de la provincia en el desarrollo de pol\u00edticas p\u00fablicas que garanticen una administraci\u00f3n responsable&nbsp; del ambiente y los recursos h\u00eddricos.<\/p>\n\n\n\n<figure class=\"wp-block-image size-large\"><img loading=\"lazy\" decoding=\"async\" width=\"819\" height=\"1024\" src=\"https:\/\/corrientesdetarde.com\/wp-content\/uploads\/2026\/03\/image-280-819x1024.png\" alt=\"\" class=\"wp-image-248935\" srcset=\"https:\/\/corrientesdetarde.com\/wp-content\/uploads\/2026\/03\/image-280-819x1024.png 819w, https:\/\/corrientesdetarde.com\/wp-content\/uploads\/2026\/03\/image-280-240x300.png 240w, https:\/\/corrientesdetarde.com\/wp-content\/uploads\/2026\/03\/image-280-768x960.png 768w, https:\/\/corrientesdetarde.com\/wp-content\/uploads\/2026\/03\/image-280-1229x1536.png 1229w, https:\/\/corrientesdetarde.com\/wp-content\/uploads\/2026\/03\/image-280.png 1440w\" sizes=\"auto, (max-width: 819px) 100vw, 819px\" \/><\/figure>\n\n\n\n<figure class=\"wp-block-image size-large\"><img loading=\"lazy\" decoding=\"async\" width=\"768\" height=\"1024\" src=\"https:\/\/corrientesdetarde.com\/wp-content\/uploads\/2026\/03\/image-281-768x1024.png\" alt=\"\" class=\"wp-image-248936\" srcset=\"https:\/\/corrientesdetarde.com\/wp-content\/uploads\/2026\/03\/image-281-768x1024.png 768w, https:\/\/corrientesdetarde.com\/wp-content\/uploads\/2026\/03\/image-281-225x300.png 225w, https:\/\/corrientesdetarde.com\/wp-content\/uploads\/2026\/03\/image-281-1152x1536.png 1152w, https:\/\/corrientesdetarde.com\/wp-content\/uploads\/2026\/03\/image-281.png 1440w\" sizes=\"auto, (max-width: 768px) 100vw, 768px\" \/><\/figure>\n\n\n\n<figure class=\"wp-block-image size-large\"><img loading=\"lazy\" decoding=\"async\" width=\"768\" height=\"1024\" src=\"https:\/\/corrientesdetarde.com\/wp-content\/uploads\/2026\/03\/image-282-768x1024.png\" alt=\"\" class=\"wp-image-248937\" srcset=\"https:\/\/corrientesdetarde.com\/wp-content\/uploads\/2026\/03\/image-282-768x1024.png 768w, https:\/\/corrientesdetarde.com\/wp-content\/uploads\/2026\/03\/image-282-225x300.png 225w, https:\/\/corrientesdetarde.com\/wp-content\/uploads\/2026\/03\/image-282-1152x1536.png 1152w, https:\/\/corrientesdetarde.com\/wp-content\/uploads\/2026\/03\/image-282.png 1200w\" sizes=\"auto, (max-width: 768px) 100vw, 768px\" \/><\/figure>\n","protected":false},"excerpt":{"rendered":"<p>En el marco de los encuentros institucionales que el Instituto Correntino del Agua y del Ambiente (ICAA) viene desarrollando para fortalecer la gesti\u00f3n ambiental e h\u00eddrica en todo el territorio&hellip; <\/p>\n","protected":false},"author":8,"featured_media":248934,"comment_status":"closed","ping_status":"open","sticky":false,"template":"","format":"standard","meta":{"footnotes":""},"categories":[6],"tags":[],"class_list":["post-248933","post","type-post","status-publish","format-standard","has-post-thumbnail","hentry","category-medio-ambiente"],"_links":{"self":[{"href":"https:\/\/corrientesdetarde.com\/index.php\/wp-json\/wp\/v2\/posts\/248933","targetHints":{"allow":["GET"]}}],"collection":[{"href":"https:\/\/corrientesdetarde.com\/index.php\/wp-json\/wp\/v2\/posts"}],"about":[{"href":"https:\/\/corrientesdetarde.com\/index.php\/wp-json\/wp\/v2\/types\/post"}],"author":[{"embeddable":true,"href":"https:\/\/corrientesdetarde.com\/index.php\/wp-json\/wp\/v2\/users\/8"}],"replies":[{"embeddable":true,"href":"https:\/\/corrientesdetarde.com\/index.php\/wp-json\/wp\/v2\/comments?post=248933"}],"version-history":[{"count":1,"href":"https:\/\/corrientesdetarde.com\/index.php\/wp-json\/wp\/v2\/posts\/248933\/revisions"}],"predecessor-version":[{"id":248938,"href":"https:\/\/corrientesdetarde.com\/index.php\/wp-json\/wp\/v2\/posts\/248933\/revisions\/248938"}],"wp:featuredmedia":[{"embeddable":true,"href":"https:\/\/corrientesdetarde.com\/index.php\/wp-json\/wp\/v2\/media\/248934"}],"wp:attachment":[{"href":"https:\/\/corrientesdetarde.com\/index.php\/wp-json\/wp\/v2\/media?parent=248933"}],"wp:term":[{"taxonomy":"category","embeddable":true,"href":"https:\/\/corrientesdetarde.com\/index.php\/wp-json\/wp\/v2\/categories?post=248933"},{"taxonomy":"post_tag","embeddable":true,"href":"https:\/\/corrientesdetarde.com\/index.php\/wp-json\/wp\/v2\/tags?post=248933"}],"curies":[{"name":"wp","href":"https:\/\/api.w.org\/{rel}","templated":true}]}}