{"id":248939,"date":"2026-03-11T14:23:06","date_gmt":"2026-03-11T17:23:06","guid":{"rendered":"https:\/\/corrientesdetarde.com\/?p=248939"},"modified":"2026-03-11T14:23:18","modified_gmt":"2026-03-11T17:23:18","slug":"comienza-guardianas-con-eje-en-las-mujeres-custodias-de-la-memoria-colectiva","status":"publish","type":"post","link":"https:\/\/corrientesdetarde.com\/index.php\/cultura\/comienza-guardianas-con-eje-en-las-mujeres-custodias-de-la-memoria-colectiva\/","title":{"rendered":"Comienza \u201cGuardianas\u201d con eje en las mujeres custodias de la memoria colectiva"},"content":{"rendered":"\n<p>Este viernes 13 de marzo, a las 19, en el Auditorio del Museo de Arte Contempor\u00e1neo de Corrientes (9 de Julio Esq. San Juan) dar\u00e1 inicio un ciclo de encuentros sobre la mujer y la transmisi\u00f3n de la cultura, con acceso libre y gratuito. Se trata de \u201cGuardianas\u201d, proyecto de cogesti\u00f3n entre la Universidad de la Cuenca del Plata, a trav\u00e9s del Instituto de Investigaci\u00f3n y Desarrollo Cultural del Nea, y el Instituto de Cultura de la Provincia de Corrientes.&nbsp;<\/p>\n\n\n\n<p>En esta oportunidad, como parte del ciclo \u201cCultura en clave de mujer\u201d, este primer encuentro girar\u00e1 en torno a las \u201cGuardianas de la memoria: historias, relatos y construcci\u00f3n de identidades\u201d.&nbsp;<\/p>\n\n\n\n<p>Se har\u00e1n aportes vinculados a las mujeres como custodias y narradoras de la memoria colectiva. Se centra en la transmisi\u00f3n de historias familiares, relatos comunitarios, procesos migratorios, memorias locales y en la construcci\u00f3n simb\u00f3lica del territorio por parte de mujeres.&nbsp;<\/p>\n\n\n\n<p>Participar\u00e1n del panel: Mar\u00eda Silvia Leoni, historiadora e investigadora; Karen G\u00f3mez Curima, referente de la cultura Afro; Marisol Maciel, referente del sector de patrimonio cultural; y Gabriela Basualdo, gestora cultural y docente de la Universidad de la Cuenca del Plata.&nbsp;<\/p>\n\n\n\n<p>En esta oportunidad, se reflexionar\u00e1 sobre el papel de las mujeres en la preservaci\u00f3n de relatos, en la construcci\u00f3n de identidades y en las tensiones entre memoria oficial y memoria comunitaria.&nbsp;<\/p>\n\n\n\n<p><strong>Sobre guardianas<\/strong><\/p>\n\n\n\n<p>A lo largo de la historia, las mujeres han desempe\u00f1ado un rol central en la transmisi\u00f3n de la cultura, aun cuando ese protagonismo no siempre haya sido reconocido de manera formal. Las mujeres se constituyen como guardianas de la memoria colectiva, de los saberes comunitarios, de las pr\u00e1cticas art\u00edsticas, de las tradiciones familiares y de las formas de organizaci\u00f3n social.&nbsp;<\/p>\n\n\n\n<p>Desde la oralidad y la m\u00fasica hasta la educaci\u00f3n, la gesti\u00f3n cultural y las expresiones populares, las mujeres sostienen, recrean y proyectan identidades culturales en di\u00e1logo constante con el territorio.&nbsp;<\/p>\n\n\n\n<p>La primera edici\u00f3n del ciclo \u201cGuardianas\u201d propone generar un espacio de encuentro, reflexi\u00f3n y visibilizaci\u00f3n del aporte de las mujeres en la construcci\u00f3n cultural de nuestro territorio. Esta edici\u00f3n inaugural marca el inicio de una propuesta que busca consolidarse como una agenda anual, instaur\u00e1ndose cada a\u00f1o en el marco del Mes de la Mujer, como un espacio sostenido de di\u00e1logo, reconocimiento y proyecci\u00f3n de las m\u00faltiples formas en que las mujeres construyen memoria, saberes y futuro en la vida cultural de nuestra comunidad.&nbsp;<\/p>\n\n\n\n<p><strong>PROGRAMACI\u00d3N<\/strong>&nbsp;<\/p>\n\n\n\n<p><strong>Viernes 20 de marzo<\/strong><\/p>\n\n\n\n<p>19 hs<\/p>\n\n\n\n<p>Auditorio del Museo de Arte Contempor\u00e1neo de Corrientes (9 de Julio Esq. San Juan).<\/p>\n\n\n\n<p>GUARDIANAS DE LAS NUEVAS TRAMAS<\/p>\n\n\n\n<p>Narrativas emergentes, cultura digital y creaci\u00f3n contempor\u00e1nea<\/p>\n\n\n\n<p>Este encuentro pone el foco en mujeres que est\u00e1n creando nuevas formas de narrar, producir y circular cultura en contextos contempor\u00e1neos.<\/p>\n\n\n\n<p>Se propone reflexionar sobre las reinterpretaciones del territorio, la identidad y la memoria desde lenguajes actuales como el audiovisual, las redes sociales, la m\u00fasica, las pr\u00e1cticas curatoriales, la gesti\u00f3n cultural y los formatos h\u00edbridos.<\/p>\n\n\n\n<p>Participan:<\/p>\n\n\n\n<p>&nbsp; &nbsp; &nbsp;Florencia Rodriguez, presidente de la Fundaci\u00f3n Jean Piaget para el Conocimiento y la Cultura del NEA y rectora de la Universidad de la Cuenca del Plata.<\/p>\n\n\n\n<p>&nbsp; &nbsp; Ines Silvero, gestora cultural en el \u201cEspacio Mari\u00f1o\u201d.<\/p>\n\n\n\n<p>&nbsp; &nbsp; &nbsp; Anisima, Artista visual<\/p>\n\n\n\n<p>&nbsp; &nbsp; &nbsp; Flor Sandoval, M\u00fasica<\/p>\n\n\n\n<p><strong>Viernes 27 de marzo<\/strong><\/p>\n\n\n\n<p>19 hs<\/p>\n\n\n\n<p>Auditorio del Museo de Arte Contempor\u00e1neo de Corrientes (9 de Julio Esq. San Juan).<\/p>\n\n\n\n<p><strong>GUARDIANAS DEL SABER<\/strong><\/p>\n\n\n\n<p><strong>Lengua, identidad y saberes ancestrales<\/strong><\/p>\n\n\n\n<p>Este encuentro se centra en la transmisi\u00f3n de lenguas, conocimientos y saberes identitarios sostenidos hist\u00f3ricamente por mujeres.&nbsp;<\/p>\n\n\n\n<p>Se abordar\u00e1 el rol de las mujeres como mediadoras ling\u00fc\u00edsticas, portadoras de saberes tradicionales y transmisoras de pr\u00e1cticas culturales vinculadas a la lengua, la cocina, la medicina ancestral y otras formas de nombrar y comprender el mundo.&nbsp;<\/p>\n\n\n\n<p>Participan:<\/p>\n\n\n\n<p>&nbsp; &nbsp; &nbsp; &nbsp;Clarisa Pereira, Docente de la UCP, traductora matriculada, doctoranda de la UNR e instagramer ling\u00fc\u00edstica.<\/p>\n\n\n\n<p>&nbsp; &nbsp; &nbsp; &nbsp; Hada Irastorza, Gestora cultural vinculada a las Industrias Culturales y curadora patrimonial.<\/p>\n\n\n\n<p>&nbsp; &nbsp; &nbsp; &nbsp;Jesica Chara, Artesana alfarera del pueblo Qom.<\/p>\n\n\n\n<p>&nbsp; &nbsp; &nbsp; &nbsp; Gisela Medina, Coordinadora de \u201cCocineros del Iber\u00e1\u201d, primera red de cocineros con identidad de argentinas.<\/p>\n\n\n\n<figure class=\"wp-block-image size-large\"><img loading=\"lazy\" decoding=\"async\" width=\"576\" height=\"1024\" src=\"https:\/\/corrientesdetarde.com\/wp-content\/uploads\/2026\/03\/image-284-576x1024.png\" alt=\"\" class=\"wp-image-248941\" srcset=\"https:\/\/corrientesdetarde.com\/wp-content\/uploads\/2026\/03\/image-284-576x1024.png 576w, https:\/\/corrientesdetarde.com\/wp-content\/uploads\/2026\/03\/image-284-169x300.png 169w, https:\/\/corrientesdetarde.com\/wp-content\/uploads\/2026\/03\/image-284-768x1366.png 768w, https:\/\/corrientesdetarde.com\/wp-content\/uploads\/2026\/03\/image-284-864x1536.png 864w, https:\/\/corrientesdetarde.com\/wp-content\/uploads\/2026\/03\/image-284.png 899w\" sizes=\"auto, (max-width: 576px) 100vw, 576px\" \/><\/figure>\n","protected":false},"excerpt":{"rendered":"<p>Este viernes 13 de marzo, a las 19, en el Auditorio del Museo de Arte Contempor\u00e1neo de Corrientes (9 de Julio Esq. San Juan) dar\u00e1 inicio un ciclo de encuentros&hellip; <\/p>\n","protected":false},"author":8,"featured_media":248940,"comment_status":"closed","ping_status":"open","sticky":false,"template":"","format":"standard","meta":{"footnotes":""},"categories":[15],"tags":[],"class_list":["post-248939","post","type-post","status-publish","format-standard","has-post-thumbnail","hentry","category-cultura"],"_links":{"self":[{"href":"https:\/\/corrientesdetarde.com\/index.php\/wp-json\/wp\/v2\/posts\/248939","targetHints":{"allow":["GET"]}}],"collection":[{"href":"https:\/\/corrientesdetarde.com\/index.php\/wp-json\/wp\/v2\/posts"}],"about":[{"href":"https:\/\/corrientesdetarde.com\/index.php\/wp-json\/wp\/v2\/types\/post"}],"author":[{"embeddable":true,"href":"https:\/\/corrientesdetarde.com\/index.php\/wp-json\/wp\/v2\/users\/8"}],"replies":[{"embeddable":true,"href":"https:\/\/corrientesdetarde.com\/index.php\/wp-json\/wp\/v2\/comments?post=248939"}],"version-history":[{"count":1,"href":"https:\/\/corrientesdetarde.com\/index.php\/wp-json\/wp\/v2\/posts\/248939\/revisions"}],"predecessor-version":[{"id":248942,"href":"https:\/\/corrientesdetarde.com\/index.php\/wp-json\/wp\/v2\/posts\/248939\/revisions\/248942"}],"wp:featuredmedia":[{"embeddable":true,"href":"https:\/\/corrientesdetarde.com\/index.php\/wp-json\/wp\/v2\/media\/248940"}],"wp:attachment":[{"href":"https:\/\/corrientesdetarde.com\/index.php\/wp-json\/wp\/v2\/media?parent=248939"}],"wp:term":[{"taxonomy":"category","embeddable":true,"href":"https:\/\/corrientesdetarde.com\/index.php\/wp-json\/wp\/v2\/categories?post=248939"},{"taxonomy":"post_tag","embeddable":true,"href":"https:\/\/corrientesdetarde.com\/index.php\/wp-json\/wp\/v2\/tags?post=248939"}],"curies":[{"name":"wp","href":"https:\/\/api.w.org\/{rel}","templated":true}]}}