{"id":248949,"date":"2026-03-11T15:14:28","date_gmt":"2026-03-11T18:14:28","guid":{"rendered":"https:\/\/corrientesdetarde.com\/?p=248949"},"modified":"2026-03-11T15:14:35","modified_gmt":"2026-03-11T18:14:35","slug":"paulo-dybala-emociono-a-todos-al-mostrar-su-primera-foto-con-su-beba-gia","status":"publish","type":"post","link":"https:\/\/corrientesdetarde.com\/index.php\/espectaculos\/paulo-dybala-emociono-a-todos-al-mostrar-su-primera-foto-con-su-beba-gia\/","title":{"rendered":"Paulo Dybala emocion\u00f3 a todos al mostrar su primera foto con su beba Gia"},"content":{"rendered":"\n<p>El futbolista comparti\u00f3 en sus redes sociales una postal de los primeros d\u00edas de paternidad.<\/p>\n\n\n\n<p><strong>Paulo Dybala<\/strong>\u00a0hizo un conmovedor posteo en su cuenta de Instagram donde\u00a0<strong>se mostr\u00f3 por primera vez con su hija Gia. \u201cAmor de pap\u00e1\u201d<\/strong>, escribi\u00f3 el futbolista en la descripci\u00f3n de la foto.<\/p>\n\n\n\n<p>En la imagen se lo puede ver&nbsp;<strong>sosteniendo a la beba en brazos<\/strong>&nbsp;mientras ella duerme recostada en su pecho con un conjunto blanco que ten\u00eda dibujos de jirafas e inclu\u00eda un gorro.<\/p>\n\n\n\n<figure class=\"wp-block-image\"><img decoding=\"async\" src=\"https:\/\/tn.com.ar\/resizer\/v2\/la-foto-de-paulo-dybala-junto-a-gia-foto-instagrampaulodybala-JZ6BNAQORFDVFPPJ2PNFTZTY6I.PNG?auth=1c63f96543cd965b3544d0585961f301709d75b835a27a3148f1cbe7a964f187&amp;width=767\" alt=\"La foto de Paulo Dybala junto a Gia. (Foto: Instagram\/paulodybala)\"\/><\/figure>\n\n\n\n<p>Como era de esperarse, el posteo&nbsp;<strong>se llen\u00f3 de comentarios&nbsp;<\/strong>de usuarios que se mostraron completamente conmovidos con la postal. Sin embargo, el que m\u00e1s resalt\u00f3 fue el de Oriana.<\/p>\n\n\n\n<p><strong>\u201cDiooos\u201d<\/strong>, escribi\u00f3 la cantante llena de ternura en un comentario que tuvo m\u00e1s de siete mil likes.<\/p>\n\n\n\n<h2 class=\"wp-block-heading\">Se conoci\u00f3 un video de la intimidad familiar de Catherine Fulop con su nieta Gia<\/h2>\n\n\n\n<p><strong>Catherine Fulop\u00a0tambi\u00e9n\u00a0<\/strong>comparti\u00f3 en sus redes sociales un tierno video en el que aparece junto a su nieta\u00a0<strong>Gia Dybala<\/strong>. La grabaci\u00f3n\u00a0<strong>muestra un momento \u00edntimo de la familia<\/strong>\u00a0y r\u00e1pidamente emocion\u00f3 a sus seguidores.<\/p>\n\n\n\n<p>El video fue publicado originalmente por&nbsp;<strong>Tiziana<\/strong>, hermana de Oriana Sabatini, para saludar a su mam\u00e1 que hoy<strong>&nbsp;cumple 61 a\u00f1os<\/strong>.<\/p>\n\n\n\n<p>En la grabaci\u00f3n se la ve a Catherine de espaldas en el living de la casa de Dybala mientras<strong>sostiene en brazos a la beba<\/strong>y la hamaca para lograr tranquilizarla.<\/p>\n\n\n\n<figure class=\"wp-block-image size-large\"><img loading=\"lazy\" decoding=\"async\" width=\"1024\" height=\"574\" src=\"https:\/\/corrientesdetarde.com\/wp-content\/uploads\/2026\/03\/image-290-1024x574.png\" alt=\"\" class=\"wp-image-248951\" srcset=\"https:\/\/corrientesdetarde.com\/wp-content\/uploads\/2026\/03\/image-290-1024x574.png 1024w, https:\/\/corrientesdetarde.com\/wp-content\/uploads\/2026\/03\/image-290-300x168.png 300w, https:\/\/corrientesdetarde.com\/wp-content\/uploads\/2026\/03\/image-290-768x430.png 768w, https:\/\/corrientesdetarde.com\/wp-content\/uploads\/2026\/03\/image-290.png 1440w\" sizes=\"auto, (max-width: 1024px) 100vw, 1024px\" \/><\/figure>\n\n\n\n<p>Sobre el video, Tiziana escribi\u00f3 un mensaje dedicado a su mam\u00e1 por su cumplea\u00f1os: \u201cFeliz cumple a&nbsp;<strong>la mejor mam\u00e1 y ahora abuela<\/strong>. Te amo\u201d.<\/p>\n\n\n\n<p>Para responder a ese gesto, Catherine expres\u00f3 en su propia historia de Instagram: \u201cTe amo mi Titi.&nbsp;<strong>Ustedes son mi vida entera<\/strong>\u201d.<\/p>\n\n\n\n<p>La complicidad entre Fulop y su nieta fue lo que m\u00e1s enterneci\u00f3 a los usuarios que se sorprenden con cada una de las im\u00e1genes que la familia muestra de Gia, la beba que naci\u00f3 hace una semana.<\/p>\n","protected":false},"excerpt":{"rendered":"<p>El futbolista comparti\u00f3 en sus redes sociales una postal de los primeros d\u00edas de paternidad. Paulo Dybala\u00a0hizo un conmovedor posteo en su cuenta de Instagram donde\u00a0se mostr\u00f3 por primera vez&hellip; <\/p>\n","protected":false},"author":8,"featured_media":248950,"comment_status":"closed","ping_status":"open","sticky":false,"template":"","format":"standard","meta":{"footnotes":""},"categories":[19],"tags":[],"class_list":["post-248949","post","type-post","status-publish","format-standard","has-post-thumbnail","hentry","category-espectaculos"],"_links":{"self":[{"href":"https:\/\/corrientesdetarde.com\/index.php\/wp-json\/wp\/v2\/posts\/248949","targetHints":{"allow":["GET"]}}],"collection":[{"href":"https:\/\/corrientesdetarde.com\/index.php\/wp-json\/wp\/v2\/posts"}],"about":[{"href":"https:\/\/corrientesdetarde.com\/index.php\/wp-json\/wp\/v2\/types\/post"}],"author":[{"embeddable":true,"href":"https:\/\/corrientesdetarde.com\/index.php\/wp-json\/wp\/v2\/users\/8"}],"replies":[{"embeddable":true,"href":"https:\/\/corrientesdetarde.com\/index.php\/wp-json\/wp\/v2\/comments?post=248949"}],"version-history":[{"count":1,"href":"https:\/\/corrientesdetarde.com\/index.php\/wp-json\/wp\/v2\/posts\/248949\/revisions"}],"predecessor-version":[{"id":248952,"href":"https:\/\/corrientesdetarde.com\/index.php\/wp-json\/wp\/v2\/posts\/248949\/revisions\/248952"}],"wp:featuredmedia":[{"embeddable":true,"href":"https:\/\/corrientesdetarde.com\/index.php\/wp-json\/wp\/v2\/media\/248950"}],"wp:attachment":[{"href":"https:\/\/corrientesdetarde.com\/index.php\/wp-json\/wp\/v2\/media?parent=248949"}],"wp:term":[{"taxonomy":"category","embeddable":true,"href":"https:\/\/corrientesdetarde.com\/index.php\/wp-json\/wp\/v2\/categories?post=248949"},{"taxonomy":"post_tag","embeddable":true,"href":"https:\/\/corrientesdetarde.com\/index.php\/wp-json\/wp\/v2\/tags?post=248949"}],"curies":[{"name":"wp","href":"https:\/\/api.w.org\/{rel}","templated":true}]}}