{"id":248953,"date":"2026-03-11T15:20:23","date_gmt":"2026-03-11T18:20:23","guid":{"rendered":"https:\/\/corrientesdetarde.com\/?p=248953"},"modified":"2026-03-11T15:20:36","modified_gmt":"2026-03-11T18:20:36","slug":"el-ministro-de-deportes-de-iran-dijo-que-la-seleccion-de-su-pais-no-ira-al-mundial-no-hay-condiciones","status":"publish","type":"post","link":"https:\/\/corrientesdetarde.com\/index.php\/deportes\/el-ministro-de-deportes-de-iran-dijo-que-la-seleccion-de-su-pais-no-ira-al-mundial-no-hay-condiciones\/","title":{"rendered":"El ministro de Deportes de Ir\u00e1n dijo que la selecci\u00f3n de su pa\u00eds no ir\u00e1 al Mundial: \u201cNo hay condiciones\u201d"},"content":{"rendered":"\n<p>El m\u00e1ximo torneo de la FIFA, que se disputar\u00e1 en Estados Unidos, Canad\u00e1 y M\u00e9xico, comenzar\u00e1 el 11 de junio y finalizar\u00e1 el domingo 19 de julio.<\/p>\n\n\n\n<p>El ministro de Deportes de Ir\u00e1n asegur\u00f3 este mi\u00e9rcoles que <strong>la selecci\u00f3n de su pa\u00eds no participar\u00e1 en el Mundial 2026<\/strong>, al considerar que no est\u00e1n dadas las condicones para viajar a los Estados Unidos, sede de sus tres partidos de la fase de grupos.<\/p>\n\n\n\n<p><strong>\u201cDespu\u00e9s de que el gobierno corrupto mat\u00f3 a nuestro l\u00edder, no hay condiciones que nos permitan participar en el Mundial\u201d<\/strong>, dijo el funcionario a la agencia&nbsp;<em>dpa<\/em>, al referirse a los ataques de Estados Unidos e Israel que provocaron la muerte de Ali Jamenei.<\/p>\n\n\n\n<figure class=\"wp-block-image\"><img decoding=\"async\" src=\"https:\/\/tn.com.ar\/resizer\/v2\/el-ministro-de-deportes-de-iran-aseguro-este-miercoles-que-la-seleccion-de-su-pais-no-participara-en-el-mundial-2026-al-considerar-que-no-estan-dadas-las-condicones-para-viajar-a-los-estados-unidos-sede-de-sus-tres-partidos-de-la-fase-de-grupos-ap-52XCVCZRA5DETBH7UCCXJCOQ2E.jfif?auth=464be520dba2162bdc75fcb1c1c44fb042ba09c7b4b12aaa18e99b1afa6964e8&amp;width=767\" alt=\"El ministro de Deportes de Ir\u00e1n asegur\u00f3 este mi\u00e9rcoles que la selecci\u00f3n de su pa\u00eds no participar\u00e1 en el Mundial 2026, al considerar que no est\u00e1n dadas las condicones para viajar a los Estados Unidos, sede de sus tres partidos de la fase de grupos. (AP)\"\/><\/figure>\n\n\n\n<p>\u201cConsiderando las acciones maliciosas llevadas a cabo contra Ir\u00e1n, nos han impuesto dos guerras en ocho o nueve meses y&nbsp;<strong>miles de nuestros ciudadanos murieron. Por lo tanto, definitivamente no tenemos posibilidad de tal participaci\u00f3n\u201d<\/strong>, agreg\u00f3.<\/p>\n\n\n\n<p>La selecci\u00f3n iran\u00ed&nbsp;<strong>deb\u00eda jugar sus tres partidos en Estados Unidos<\/strong>; el 15 y el 21 de junio, en Los \u00c1ngeles contra Nueva Zelanda y B\u00e9lgica, respectivamente; y el 26 de junio ante Egipto, en Seattle.<\/p>\n\n\n\n<figure class=\"wp-block-image\"><img decoding=\"async\" src=\"https:\/\/tn.com.ar\/resizer\/v2\/la-seleccion-irani-debia-jugar-sus-tres-partidos-en-estados-unidos-el-15-y-el-21-de-junio-en-los-angeles-contra-nueva-zelanda-y-belgica-respectivamente-y-el-26-de-junio-ante-egipto-en-seattle-ap-ZBZSFXDFPRDGRE2I2ZDEKTQ764.jpg?auth=359b76fec023421412782da02b5fc9fe56f08d77434423d610ad4ae82746db81&amp;width=767\" alt=\"La selecci\u00f3n iran\u00ed deb\u00eda jugar sus tres partidos en Estados Unidos; el 15 y el 21 de junio, en Los \u00c1ngeles contra Nueva Zelanda y B\u00e9lgica, respectivamente; y el 26 de junio ante Egipto, en Seattle. (AP)\"\/><\/figure>\n\n\n\n<p>Pese a la tajante afirmaci\u00f3n del funcionario de Gobierno iran\u00ed,<strong>&nbsp;la renuncia al Mundial no se manifest\u00f3 a\u00fan de forma oficial<\/strong>&nbsp;y es puesta en duda por diferentes actores del f\u00fatbol. De hecho, la retirada le costar\u00eda al pa\u00eds sanciones econ\u00f3micas y deportivas.<\/p>\n\n\n\n<p>La declaraci\u00f3n del funcionario se conoci\u00f3 horas despu\u00e9s del encuentro entre Gianni Infantino y Donald Trump, en el que el presidente de Estados Unidos manifest\u00f3 su compromiso de que la selecci\u00f3n de Ir\u00e1n reciba un buen trato durante su estad\u00eda por la Copa del Mundo.<\/p>\n\n\n\n<h2 class=\"wp-block-heading\"><strong>Qu\u00e9 sanciones puede tener Ir\u00e1n en caso de que se confirme su renuncia al Mundial<\/strong><\/h2>\n\n\n\n<ul class=\"wp-block-list\">\n<li>Si anuncia su retirada con m\u00e1s de 30 d\u00edas de antelaci\u00f3n al comienzo del torneo, la Comisi\u00f3n Disciplinar\u00eda le impondr\u00eda a la Federaci\u00f3n Iran\u00ed una multa de 323.730,60 d\u00f3lares.<\/li>\n\n\n\n<li>Si renuncia con menos de 30 d\u00edas de antelaci\u00f3n. La multa ser\u00e1 como m\u00ednimo de 647.712 d\u00f3lares.<\/li>\n\n\n\n<li>Adem\u00e1s, la Federaci\u00f3n Iran\u00ed deber\u00eda reembolsar todos los fondos recibidos de la FIFA para la preparaci\u00f3n de su selecci\u00f3n, as\u00ed como los pagos de contribuciones relacionadas con la competici\u00f3n que hayan recibido de la Federaci\u00f3n Internacional.<\/li>\n\n\n\n<li>A estas sanciones econ\u00f3micas podr\u00edan unirse medidas disciplinarias como la exclusi\u00f3n de la federaci\u00f3n de una competici\u00f3n futura organizada por la FIFA.<\/li>\n<\/ul>\n","protected":false},"excerpt":{"rendered":"<p>El m\u00e1ximo torneo de la FIFA, que se disputar\u00e1 en Estados Unidos, Canad\u00e1 y M\u00e9xico, comenzar\u00e1 el 11 de junio y finalizar\u00e1 el domingo 19 de julio. El ministro de&hellip; <\/p>\n","protected":false},"author":8,"featured_media":248954,"comment_status":"closed","ping_status":"open","sticky":false,"template":"","format":"standard","meta":{"footnotes":""},"categories":[4],"tags":[],"class_list":["post-248953","post","type-post","status-publish","format-standard","has-post-thumbnail","hentry","category-deportes"],"_links":{"self":[{"href":"https:\/\/corrientesdetarde.com\/index.php\/wp-json\/wp\/v2\/posts\/248953","targetHints":{"allow":["GET"]}}],"collection":[{"href":"https:\/\/corrientesdetarde.com\/index.php\/wp-json\/wp\/v2\/posts"}],"about":[{"href":"https:\/\/corrientesdetarde.com\/index.php\/wp-json\/wp\/v2\/types\/post"}],"author":[{"embeddable":true,"href":"https:\/\/corrientesdetarde.com\/index.php\/wp-json\/wp\/v2\/users\/8"}],"replies":[{"embeddable":true,"href":"https:\/\/corrientesdetarde.com\/index.php\/wp-json\/wp\/v2\/comments?post=248953"}],"version-history":[{"count":1,"href":"https:\/\/corrientesdetarde.com\/index.php\/wp-json\/wp\/v2\/posts\/248953\/revisions"}],"predecessor-version":[{"id":248955,"href":"https:\/\/corrientesdetarde.com\/index.php\/wp-json\/wp\/v2\/posts\/248953\/revisions\/248955"}],"wp:featuredmedia":[{"embeddable":true,"href":"https:\/\/corrientesdetarde.com\/index.php\/wp-json\/wp\/v2\/media\/248954"}],"wp:attachment":[{"href":"https:\/\/corrientesdetarde.com\/index.php\/wp-json\/wp\/v2\/media?parent=248953"}],"wp:term":[{"taxonomy":"category","embeddable":true,"href":"https:\/\/corrientesdetarde.com\/index.php\/wp-json\/wp\/v2\/categories?post=248953"},{"taxonomy":"post_tag","embeddable":true,"href":"https:\/\/corrientesdetarde.com\/index.php\/wp-json\/wp\/v2\/tags?post=248953"}],"curies":[{"name":"wp","href":"https:\/\/api.w.org\/{rel}","templated":true}]}}