{"id":248956,"date":"2026-03-11T15:50:29","date_gmt":"2026-03-11T18:50:29","guid":{"rendered":"https:\/\/corrientesdetarde.com\/?p=248956"},"modified":"2026-03-11T15:50:35","modified_gmt":"2026-03-11T18:50:35","slug":"inicio-la-campana-de-vacunacion-antigripal-en-toda-la-provincia","status":"publish","type":"post","link":"https:\/\/corrientesdetarde.com\/index.php\/bienestar-y-salud\/inicio-la-campana-de-vacunacion-antigripal-en-toda-la-provincia\/","title":{"rendered":"Inici\u00f3 la Campa\u00f1a de Vacunaci\u00f3n Antigripal en toda la provincia"},"content":{"rendered":"\n<p><em>El lanzamiento fue en el barrio Quintana y Doctor Monta\u00f1a de Capital. En todos los vacunatarios de Corrientes ya est\u00e1 disponible para la poblaci\u00f3n objetivo. &nbsp;Por otra parte, el viernes comenzar\u00e1 la Campa\u00f1a de Vacunaci\u00f3n Escolar.<\/em><\/p>\n\n\n\n<p>El Ministerio de Salud P\u00fablica, a cargo de Emilio Lanari Zubiaur, inici\u00f3 la Campa\u00f1a de Vacunaci\u00f3n Antigripal. La actividad fue destinada a personas mayores de 65 a\u00f1os, quienes pudieron acceder a la dosis sin necesidad de prescripci\u00f3n m\u00e9dica.<br>El inicio de la campa\u00f1a, fue en el Club \u201cJes\u00fas Nazareno\u201d junto al Ministerio de Desarrollo Social. En esta oportunidad, fueron adultos mayores de clubes de abuelos. A su vez, tambi\u00e9n a las 10 en la Delegaci\u00f3n Municipal del barrio Dr. Monta\u00f1a, hubo la misma actividad con la Municipalidad de Corrientes donde acompa\u00f1\u00f3 Rafael Corona, Secretario de Salud de la ciudad.&nbsp;<br>\u201cEst\u00e1n dando el ejemplo a toda la provincia\u201d, les dijo el ministro&nbsp;Lanari Zubiaur&nbsp;a los adultos mayores que fueron a vacunarse y agreg\u00f3 que \u201cpromuevan la vacunaci\u00f3n, las vacunas nos cuidan y protegen\u201d.&nbsp;<br>Adem\u00e1s, comunic\u00f3 que se recibi\u00f3 m\u00e1s de 50 mil vacunas y sostuvo que comenz\u00f3 la Campa\u00f1a en la poblaci\u00f3n m\u00e1s vulnerable. Ante la consulta de la prensa, expres\u00f3 estar de acuerdo con que se haya adelantado la aplicaci\u00f3n de la Antigripal y que Corrientes tuvo 3 casos de H3N2, pacientes que evolucionaron bien.&nbsp;<br>En cuanto a recomendaciones, pidi\u00f3 que se acerquen a los vacunatorios y remarc\u00f3 la importancia de que los tutores controlen el Calendario Obligatorio Nacional.<br>A su vez, desde el Ministerio de Desarrollo Social, agradecieron esta actividad y la tarea que llev\u00f3 adelante la Direcci\u00f3n de Inmunizaciones a cargo de Marina Cantero. Tambi\u00e9n, remarcaron que la vacunaci\u00f3n es una medida preventiva. &nbsp;<br>La Antigripal, ofrece protecci\u00f3n especialmente para reducir cuadros graves, internaciones y complicaciones. Por eso, se sostiene que vacunarse es la herramienta m\u00e1s importante para mitigar el impacto de la gripe y proteger a los grupos vulnerables.<br>Las dosis ya est\u00e1n disponibles en todos los vacunatorios de la provincia para la poblaci\u00f3n objetivo: ni\u00f1os entre 6 y 24 meses (dos dosis con un intervalo de 4 semanas), personal de salud, personas mayores de 65 a\u00f1os, embarazadas y pu\u00e9rperas (hasta 10 d\u00edas posteriores al egreso de la maternidad si no fueron vacunadas durante el embarazo) y personas de 2 a 64 a\u00f1os con factores de riesgo (deber\u00e1n presentar indicaci\u00f3n m\u00e9dica).<br>Cabe indicar que la Antigripal, puede aplicarse de manera simult\u00e1nea con otras vacunas del Calendario Nacional.<br>En los actos del inicio de la Campa\u00f1a, acompa\u00f1aron subsecretarios y directivos del Ministerio de Salud P\u00fablica.&nbsp;<\/p>\n\n\n\n<p><strong>Escuelas<\/strong><br>Por otra parte, la presentaci\u00f3n de la Campa\u00f1a de Vacunaci\u00f3n Escolar 2026 ser\u00e1 el viernes 13 de marzo a las 10 en la Escuela N\u00b0 275 &#8220;Supervisor Isidro Moreira&#8221; del barrio Laguna Seca. Colocar\u00e1n las dosis del Calendario Nacional de Vacunaci\u00f3n, con autorizaci\u00f3n previa de los tutores.&nbsp;<br>La vacunaci\u00f3n es un derecho fundamental, especialmente para los ni\u00f1os y ni\u00f1as. La prevenci\u00f3n constituye uno de los pilares de la salud p\u00fablica, por ello desde el Gobierno de la Provincia de Corrientes, se garantizan las condiciones para que sean aplicadas en cada etapa de la vida.<\/p>\n\n\n\n<figure class=\"wp-block-image size-large\"><img loading=\"lazy\" decoding=\"async\" width=\"1024\" height=\"683\" src=\"https:\/\/corrientesdetarde.com\/wp-content\/uploads\/2026\/03\/image-293-1024x683.png\" alt=\"\" class=\"wp-image-248958\" srcset=\"https:\/\/corrientesdetarde.com\/wp-content\/uploads\/2026\/03\/image-293-1024x683.png 1024w, https:\/\/corrientesdetarde.com\/wp-content\/uploads\/2026\/03\/image-293-300x200.png 300w, https:\/\/corrientesdetarde.com\/wp-content\/uploads\/2026\/03\/image-293-768x512.png 768w, https:\/\/corrientesdetarde.com\/wp-content\/uploads\/2026\/03\/image-293.png 1280w\" sizes=\"auto, (max-width: 1024px) 100vw, 1024px\" \/><\/figure>\n","protected":false},"excerpt":{"rendered":"<p>El lanzamiento fue en el barrio Quintana y Doctor Monta\u00f1a de Capital. En todos los vacunatarios de Corrientes ya est\u00e1 disponible para la poblaci\u00f3n objetivo. &nbsp;Por otra parte, el viernes&hellip; <\/p>\n","protected":false},"author":8,"featured_media":248957,"comment_status":"closed","ping_status":"open","sticky":false,"template":"","format":"standard","meta":{"footnotes":""},"categories":[16],"tags":[],"class_list":["post-248956","post","type-post","status-publish","format-standard","has-post-thumbnail","hentry","category-bienestar-y-salud"],"_links":{"self":[{"href":"https:\/\/corrientesdetarde.com\/index.php\/wp-json\/wp\/v2\/posts\/248956","targetHints":{"allow":["GET"]}}],"collection":[{"href":"https:\/\/corrientesdetarde.com\/index.php\/wp-json\/wp\/v2\/posts"}],"about":[{"href":"https:\/\/corrientesdetarde.com\/index.php\/wp-json\/wp\/v2\/types\/post"}],"author":[{"embeddable":true,"href":"https:\/\/corrientesdetarde.com\/index.php\/wp-json\/wp\/v2\/users\/8"}],"replies":[{"embeddable":true,"href":"https:\/\/corrientesdetarde.com\/index.php\/wp-json\/wp\/v2\/comments?post=248956"}],"version-history":[{"count":1,"href":"https:\/\/corrientesdetarde.com\/index.php\/wp-json\/wp\/v2\/posts\/248956\/revisions"}],"predecessor-version":[{"id":248959,"href":"https:\/\/corrientesdetarde.com\/index.php\/wp-json\/wp\/v2\/posts\/248956\/revisions\/248959"}],"wp:featuredmedia":[{"embeddable":true,"href":"https:\/\/corrientesdetarde.com\/index.php\/wp-json\/wp\/v2\/media\/248957"}],"wp:attachment":[{"href":"https:\/\/corrientesdetarde.com\/index.php\/wp-json\/wp\/v2\/media?parent=248956"}],"wp:term":[{"taxonomy":"category","embeddable":true,"href":"https:\/\/corrientesdetarde.com\/index.php\/wp-json\/wp\/v2\/categories?post=248956"},{"taxonomy":"post_tag","embeddable":true,"href":"https:\/\/corrientesdetarde.com\/index.php\/wp-json\/wp\/v2\/tags?post=248956"}],"curies":[{"name":"wp","href":"https:\/\/api.w.org\/{rel}","templated":true}]}}