{"id":248960,"date":"2026-03-11T15:52:28","date_gmt":"2026-03-11T18:52:28","guid":{"rendered":"https:\/\/corrientesdetarde.com\/?p=248960"},"modified":"2026-03-11T15:52:34","modified_gmt":"2026-03-11T18:52:34","slug":"se-abrio-la-convocatoria-para-participar-de-una-nueva-edicion-de-arteco","status":"publish","type":"post","link":"https:\/\/corrientesdetarde.com\/index.php\/cultura\/se-abrio-la-convocatoria-para-participar-de-una-nueva-edicion-de-arteco\/","title":{"rendered":"Se abri\u00f3 la convocatoria para participar de una nueva edici\u00f3n de ArteCo"},"content":{"rendered":"\n<p>El Gobierno de la Provincia, a trav\u00e9s del Instituto de Cultura, abre la convocatoria para formar parte de la 8\u00b0 Feria de Arte Contempor\u00e1neo de Corrientes (ArteCo), a desarrollarse del 21 al 24 de mayo, en la ciudad de Corrientes. Galer\u00edas, proyectos colectivos y artistas individuales, tendr\u00e1n tiempo hasta el 30 de marzo para postularse, completando el siguiente formulario: &nbsp;<a href=\"https:\/\/4ue34.r.a.d.sendibm1.com\/mk\/cl\/f\/sh\/6rqJfgq8dINmNvd2HB7mP7OK8Ju\/tuq7cYhnFT3F\" target=\"_blank\" rel=\"noreferrer noopener\">https:\/\/linktr.ee\/artecoinfo<\/a><\/p>\n\n\n\n<p>Bajo la curadur\u00eda de Marcelo Dansey, la edici\u00f3n 2026 de ArteCo apunta a visibilizar y fortalecer la escena art\u00edstica visual del Nordeste argentino. Lo har\u00e1 a trav\u00e9s de la profesionalizaci\u00f3n, la experimentaci\u00f3n, la circulaci\u00f3n y la comercializaci\u00f3n de bienes culturales, as\u00ed como creando espacios de reflexi\u00f3n en torno a los procesos de patrimonializaci\u00f3n y construcci\u00f3n de memoria en el arte contempor\u00e1neo.<\/p>\n\n\n\n<p>Para esta octava edici\u00f3n, se habilitaron tres categor\u00edas de participaci\u00f3n.<\/p>\n\n\n\n<p><strong>Piezas de Museo<\/strong><\/p>\n\n\n\n<p>Las galer\u00edas de arte o emprendimientos privados con fines de comercializaci\u00f3n podr\u00e1n participar como parte de la categor\u00eda \u201cPiezas de Museo\u201d.<\/p>\n\n\n\n<p>En este caso, deber\u00e1n presentar entre tres y siete obras. Las piezas podr\u00e1n corresponder a uno o varios artistas representados por la galer\u00eda, pero al menos una de ellas deber\u00e1 pertenecer a un artista de la regi\u00f3n.<\/p>\n\n\n\n<p>El curador explic\u00f3 que a fines de la convocatoria, el concepto de \u201cpieza de museo\u201d no se limita exclusivamente a obras de valor hist\u00f3rico consolidado. Se considerar\u00e1n tambi\u00e9n obras de artistas de mediana carrera o emergentes que, a criterio de la galer\u00eda, posean cualidades conceptuales, est\u00e9ticas o hist\u00f3ricas que permitan proyectarlas como potencialmente patrimoniables en el futuro.<\/p>\n\n\n\n<p>En este sentido, se propone pensar el patrimonio no s\u00f3lo como una lectura del pasado, sino tambi\u00e9n como una afirmaci\u00f3n del presente y un ejercicio prospectivo sobre el futuro de las colecciones p\u00fablicas. A trav\u00e9s de esta secci\u00f3n, ArteCo invita a la comunidad art\u00edstica a poner en discusi\u00f3n qu\u00e9 obras, artistas y pr\u00e1cticas podr\u00edan integrar el patrimonio cultural del ma\u00f1ana, abriendo un espacio de reflexi\u00f3n colectiva sobre los procesos mediante los cuales una obra se vuelve parte del mismo.<\/p>\n\n\n\n<p><strong>Tiendas de Valores y Maravillas<\/strong><\/p>\n\n\n\n<p>Los proyectos art\u00edsticos colectivos, espacios autogestionados e instituciones relacionadas a la pr\u00e1ctica art\u00edstica formar\u00e1n parte de la categor\u00eda \u201cTiendas de Valores y Maravillas\u201d. En este caso, deber\u00e1n incluir al menos un artista del NEA y presentar una propuesta vinculada a los valores sociales y la econom\u00eda cultural.<\/p>\n\n\n\n<p>Esta secci\u00f3n invita a imaginar el mercado como un territorio de intercambio simb\u00f3lico y experimentaci\u00f3n colectiva. Se valorar\u00e1n propuestas que exploren formatos accesibles, din\u00e1micas colaborativas y nuevas formas de circulaci\u00f3n del arte, entendiendo la econom\u00eda cultural como una pr\u00e1ctica viva, inclusiva y situada.<\/p>\n\n\n\n<p><strong>Solo Show<\/strong><\/p>\n\n\n\n<p>La tercera categor\u00eda se denomina \u201cS\u00f3lo show\u201d, y est\u00e1 destinada a artistas individuales oriundos de Corrientes o con un m\u00ednimo de cinco (5) a\u00f1os de residencia acreditable, ya sea de manera independiente o representados por una galer\u00eda.<\/p>\n\n\n\n<p>En este caso, los participantes deber\u00e1n presentar una propuesta individual con po\u00e9tica propia. Se alienta a los artistas a concebir este espacio como una afirmaci\u00f3n autoral, donde el cuerpo de obra construya una narrativa singular. Se valorar\u00e1n proyectos que manifiesten coherencia conceptual, investigaci\u00f3n sostenida, madurez formal y proyecci\u00f3n patrimonial.<\/p>\n\n\n\n<p><strong>Selecci\u00f3n<\/strong><\/p>\n\n\n\n<p>Los interesados en participar de ArteCo 2026 tendr\u00e1n tiempo de completar el formulario hasta el 30 de marzo. Concluido ese plazo, las postulaciones ser\u00e1n evaluadas por un Comit\u00e9 de Selecci\u00f3n, integrado por especialistas en gesti\u00f3n de colecciones, profesionales vinculados a la pr\u00e1ctica muse\u00edstica contempor\u00e1nea y artista de trayectoria en la regi\u00f3n.<\/p>\n\n\n\n<p>El mismo ser\u00e1 designado por el Instituto de Cultura de Corrientes, en su rol de organismo organizador. El anuncio de los seleccionados se llevar\u00e1 adelante el 17 de abril.<\/p>\n\n\n\n<figure class=\"wp-block-image size-large\"><img loading=\"lazy\" decoding=\"async\" width=\"1024\" height=\"682\" src=\"https:\/\/corrientesdetarde.com\/wp-content\/uploads\/2026\/03\/image-294-1024x682.png\" alt=\"\" class=\"wp-image-248961\" srcset=\"https:\/\/corrientesdetarde.com\/wp-content\/uploads\/2026\/03\/image-294-1024x682.png 1024w, https:\/\/corrientesdetarde.com\/wp-content\/uploads\/2026\/03\/image-294-300x200.png 300w, https:\/\/corrientesdetarde.com\/wp-content\/uploads\/2026\/03\/image-294-768x512.png 768w, https:\/\/corrientesdetarde.com\/wp-content\/uploads\/2026\/03\/image-294-1536x1023.png 1536w, https:\/\/corrientesdetarde.com\/wp-content\/uploads\/2026\/03\/image-294.png 1600w\" sizes=\"auto, (max-width: 1024px) 100vw, 1024px\" \/><\/figure>\n","protected":false},"excerpt":{"rendered":"<p>El Gobierno de la Provincia, a trav\u00e9s del Instituto de Cultura, abre la convocatoria para formar parte de la 8\u00b0 Feria de Arte Contempor\u00e1neo de Corrientes (ArteCo), a desarrollarse del&hellip; <\/p>\n","protected":false},"author":8,"featured_media":248961,"comment_status":"closed","ping_status":"open","sticky":false,"template":"","format":"standard","meta":{"footnotes":""},"categories":[15],"tags":[],"class_list":["post-248960","post","type-post","status-publish","format-standard","has-post-thumbnail","hentry","category-cultura"],"_links":{"self":[{"href":"https:\/\/corrientesdetarde.com\/index.php\/wp-json\/wp\/v2\/posts\/248960","targetHints":{"allow":["GET"]}}],"collection":[{"href":"https:\/\/corrientesdetarde.com\/index.php\/wp-json\/wp\/v2\/posts"}],"about":[{"href":"https:\/\/corrientesdetarde.com\/index.php\/wp-json\/wp\/v2\/types\/post"}],"author":[{"embeddable":true,"href":"https:\/\/corrientesdetarde.com\/index.php\/wp-json\/wp\/v2\/users\/8"}],"replies":[{"embeddable":true,"href":"https:\/\/corrientesdetarde.com\/index.php\/wp-json\/wp\/v2\/comments?post=248960"}],"version-history":[{"count":1,"href":"https:\/\/corrientesdetarde.com\/index.php\/wp-json\/wp\/v2\/posts\/248960\/revisions"}],"predecessor-version":[{"id":248962,"href":"https:\/\/corrientesdetarde.com\/index.php\/wp-json\/wp\/v2\/posts\/248960\/revisions\/248962"}],"wp:featuredmedia":[{"embeddable":true,"href":"https:\/\/corrientesdetarde.com\/index.php\/wp-json\/wp\/v2\/media\/248961"}],"wp:attachment":[{"href":"https:\/\/corrientesdetarde.com\/index.php\/wp-json\/wp\/v2\/media?parent=248960"}],"wp:term":[{"taxonomy":"category","embeddable":true,"href":"https:\/\/corrientesdetarde.com\/index.php\/wp-json\/wp\/v2\/categories?post=248960"},{"taxonomy":"post_tag","embeddable":true,"href":"https:\/\/corrientesdetarde.com\/index.php\/wp-json\/wp\/v2\/tags?post=248960"}],"curies":[{"name":"wp","href":"https:\/\/api.w.org\/{rel}","templated":true}]}}