{"id":248963,"date":"2026-03-11T15:57:44","date_gmt":"2026-03-11T18:57:44","guid":{"rendered":"https:\/\/corrientesdetarde.com\/?p=248963"},"modified":"2026-03-11T15:57:57","modified_gmt":"2026-03-11T18:57:57","slug":"se-manifestaron-frente-a-la-casa-de-uno-de-los-duenos-de-alal","status":"publish","type":"post","link":"https:\/\/corrientesdetarde.com\/index.php\/actualidad\/se-manifestaron-frente-a-la-casa-de-uno-de-los-duenos-de-alal\/","title":{"rendered":"se manifestaron frente a la casa de uno de los due\u00f1os de Alal"},"content":{"rendered":"\n<p>Los trabajadores denuncian despidos sin el pago completo de las indemnizaciones y aseguran que la empresa pretende abonar solo el 50 % bajo el art\u00edculo 247 de la Ley de Contrato de Trabajo.<\/p>\n\n\n\n<p>Un grupo de trabajadores despedidos de la empresa textil Alal realiz\u00f3 el martes 10 por la noche una protesta y vigilia frente a la vivienda de uno de los due\u00f1os en la ciudad de Goya. La manifestaci\u00f3n se desarroll\u00f3 durante varias horas.<\/p>\n\n\n\n<h3 class=\"wp-block-heading\">Antecedente<\/h3>\n\n\n\n<p>Hace aproximadamente un mes, la empresa Emilio Alal S.A.C.I.F.I. anunci\u00f3 el cierre definitivo de sus plantas textiles en Argentina, poniendo fin a m\u00e1s de un siglo de actividad industrial.<\/p>\n\n\n\n<p>La compa\u00f1\u00eda inform\u00f3 que dejar\u00eda de operar su planta de hilados y telas en Goya y su planta de hilados en Villa \u00c1ngela. La decisi\u00f3n se adopt\u00f3 tras un proceso de evaluaci\u00f3n en el que, seg\u00fan la firma, se analizaron y agotaron diversas alternativas para sostener la producci\u00f3n.<\/p>\n\n\n\n<p>El impacto m\u00e1s inmediato se registr\u00f3 en la planta de Goya, donde alrededor de 260 trabajadores perdieron su empleo, adem\u00e1s de personal tercerizado que tambi\u00e9n depend\u00eda de la actividad de la f\u00e1brica.<\/p>\n\n\n\n<p>En su comunicado oficial, la empresa atribuy\u00f3 el cierre a un contexto econ\u00f3mico y comercial adverso para la industria nacional. Entre los factores se\u00f1alados remarc\u00f3 la apertura de importaciones, la ca\u00edda del consumo interno, los altos costos financieros, laborales y energ\u00e9ticos, la presi\u00f3n impositiva y el atraso cambiario.<\/p>\n","protected":false},"excerpt":{"rendered":"<p>Los trabajadores denuncian despidos sin el pago completo de las indemnizaciones y aseguran que la empresa pretende abonar solo el 50 % bajo el art\u00edculo 247 de la Ley de&hellip; <\/p>\n","protected":false},"author":8,"featured_media":248964,"comment_status":"closed","ping_status":"open","sticky":false,"template":"","format":"standard","meta":{"footnotes":""},"categories":[23],"tags":[],"class_list":["post-248963","post","type-post","status-publish","format-standard","has-post-thumbnail","hentry","category-actualidad"],"_links":{"self":[{"href":"https:\/\/corrientesdetarde.com\/index.php\/wp-json\/wp\/v2\/posts\/248963","targetHints":{"allow":["GET"]}}],"collection":[{"href":"https:\/\/corrientesdetarde.com\/index.php\/wp-json\/wp\/v2\/posts"}],"about":[{"href":"https:\/\/corrientesdetarde.com\/index.php\/wp-json\/wp\/v2\/types\/post"}],"author":[{"embeddable":true,"href":"https:\/\/corrientesdetarde.com\/index.php\/wp-json\/wp\/v2\/users\/8"}],"replies":[{"embeddable":true,"href":"https:\/\/corrientesdetarde.com\/index.php\/wp-json\/wp\/v2\/comments?post=248963"}],"version-history":[{"count":1,"href":"https:\/\/corrientesdetarde.com\/index.php\/wp-json\/wp\/v2\/posts\/248963\/revisions"}],"predecessor-version":[{"id":248965,"href":"https:\/\/corrientesdetarde.com\/index.php\/wp-json\/wp\/v2\/posts\/248963\/revisions\/248965"}],"wp:featuredmedia":[{"embeddable":true,"href":"https:\/\/corrientesdetarde.com\/index.php\/wp-json\/wp\/v2\/media\/248964"}],"wp:attachment":[{"href":"https:\/\/corrientesdetarde.com\/index.php\/wp-json\/wp\/v2\/media?parent=248963"}],"wp:term":[{"taxonomy":"category","embeddable":true,"href":"https:\/\/corrientesdetarde.com\/index.php\/wp-json\/wp\/v2\/categories?post=248963"},{"taxonomy":"post_tag","embeddable":true,"href":"https:\/\/corrientesdetarde.com\/index.php\/wp-json\/wp\/v2\/tags?post=248963"}],"curies":[{"name":"wp","href":"https:\/\/api.w.org\/{rel}","templated":true}]}}