{"id":248966,"date":"2026-03-11T16:00:49","date_gmt":"2026-03-11T19:00:49","guid":{"rendered":"https:\/\/corrientesdetarde.com\/?p=248966"},"modified":"2026-03-11T16:00:56","modified_gmt":"2026-03-11T19:00:56","slug":"jose-antonio-kast-asumio-la-presidencia-de-chile-con-una-agenda-de-tres-ejes-seguridad-migracion-y-economia","status":"publish","type":"post","link":"https:\/\/corrientesdetarde.com\/index.php\/internacionales\/jose-antonio-kast-asumio-la-presidencia-de-chile-con-una-agenda-de-tres-ejes-seguridad-migracion-y-economia\/","title":{"rendered":"Jos\u00e9 Antonio Kast asumi\u00f3 la presidencia de Chile con una agenda de tres ejes: seguridad, migraci\u00f3n y econom\u00eda"},"content":{"rendered":"\n<p>Gobernar\u00e1 hasta 2030. Es el primer mandatario abiertamente \u201cpinochetista\u201d desde la recuperaci\u00f3n de la democracia en el pa\u00eds.<\/p>\n\n\n\n<p>El ultraderechista\u00a0Jos\u00e9 Antonio Kast\u00a0asumi\u00f3 este mi\u00e9rcoles la presidencia de Chile en una ceremonia celebrada en la ciudad de Valpara\u00edso, a la que acudieron una docena de jefes de Estado y de Gobierno de todo el mundo, entre ellos\u00a0Javier Milei.<\/p>\n\n\n\n<p>\u201cS\u00ed, juro\u201d, dijo el exdiputado ultracat\u00f3lico que, con 60 a\u00f1os, se convirti\u00f3 en el primer presidente de extrema derecha en llegar al poder desde el retorno a la democracia.&nbsp;<strong>Gobernar\u00e1 hasta el 2030<\/strong>.<\/p>\n\n\n\n<p>En el Sal\u00f3n de Honor del Senado, la nueva presidenta de la C\u00e1mara Alta, la conservadora&nbsp;<strong>Paulina Nu\u00f1ez<\/strong>, le impuso la banda presidencial y la medalla de O\u2019Higgins a Kast, que sucede al progresista&nbsp;<strong>Gabriel Boric<\/strong>.<\/p>\n\n\n\n<p>Kast, que gobernar\u00e1 con el apoyo de su formaci\u00f3n -el Partido Republicano- y la derecha tradicional, tendr\u00e1 que lidiar con un Parlamento dividido y sin mayor\u00edas claras.<\/p>\n\n\n\n<p>Padre de 9 hijos y antiabortista, prometi\u00f3 en campa\u00f1a que se centrar\u00e1 en las principales preocupaciones de los chilenos:&nbsp;<strong>seguridad, migraci\u00f3n irregular y econom\u00eda<\/strong>.<\/p>\n\n\n\n<h2 class=\"wp-block-heading\">El primer presidente \u201cpinochetista\u201d de Chile<\/h2>\n\n\n\n<p>Kast, de profesi\u00f3n abogado, es tambi\u00e9n el primer mandatario en democracia en respaldar la dictadura de&nbsp;<strong>Augusto Pinochet<\/strong>&nbsp;(1973-1990), ya que el \u00fanico conservador que hab\u00eda gobernado hasta ahora era&nbsp;<strong>Sebasti\u00e1n Pi\u00f1era<\/strong>&nbsp;(2010-2014 y 2018-2022), que vot\u00f3 en contra de la continuidad del r\u00e9gimen en el plebiscito de 1989.<\/p>\n\n\n\n<p>Adem\u00e1s de Milei, acudieron el rey espa\u00f1ol Felipe VI y los presidentes de Ecuador,&nbsp;<strong>Daniel Noboa<\/strong>; Bolivia,&nbsp;<strong>Rodrigo Paz<\/strong>; Panam\u00e1,&nbsp;<strong>Jos\u00e9 Ra\u00fal Mulino<\/strong>; Honduras,&nbsp;<strong>Nasry Asfura<\/strong>; Costa Rica,&nbsp;<strong>Rodrigo Chaves<\/strong>; Paraguay,&nbsp;<strong>Santiago Pe\u00f1a<\/strong>; y Uruguay,&nbsp;<strong>Yamand\u00fa Orsi<\/strong>.<\/p>\n\n\n\n<figure class=\"wp-block-image\"><img decoding=\"async\" src=\"https:\/\/tn.com.ar\/resizer\/v2\/jose-antonio-kast-saluda-al-presidente-saliente-gabriel-boric-foto-reutersrodrigo-garrido-DAQ7ZAER7NK5IX6HFRDFJM6NSM.jpg?auth=2728fb704f30cfcc8c74b84982b97cfd043c84948e37cc1c89d2c9d62decd09c&amp;width=767\" alt=\"Jose Antonio Kast saluda al presidente saliente, Gabriel Boric (Foto: REUTERS\/Rodrigo Garrido)\"\/><\/figure>\n\n\n\n<p>La sorpresa la dio el mandatario brasile\u00f1o,&nbsp;<strong>Luiz In\u00e1cio Lula da Silva<\/strong>, quien suspendi\u00f3 su participaci\u00f3n a \u00faltima hora por problemas de agenda. Seg\u00fan la prensa brasile\u00f1a la cancelaci\u00f3n obedeci\u00f3 a la presencia de&nbsp;<strong>Fl\u00e1vio Bolsonaro<\/strong>&nbsp;en la ceremonia, considerado su principal rival en las elecciones de octubre e hijo del expresidente&nbsp;<strong>Jair Bolsonaro<\/strong>, condenado a 27 a\u00f1os de prisi\u00f3n por intento de golpe de Estado.<\/p>\n\n\n\n<p>Tambi\u00e9n asisti\u00f3 la l\u00edder de la oposici\u00f3n venezolana y Premio Nobel de la Paz,&nbsp;<strong>Mar\u00eda Corina Machado<\/strong>.<\/p>\n\n\n\n<p>Horas antes, en la residencia oficial de Cerro Castillo, en la vecina Vi\u00f1a del Mar, Kast se hizo una foto oficial con su gabinete, integrado por 24 ministros, en su mayor\u00eda sin experiencia pol\u00edtica, vinculados al sector privado y a la academia.<\/p>\n\n\n\n<p>Sus ministros fuertes ser\u00e1n el economista ultraliberal&nbsp;<strong>Jorge Quiroz&nbsp;<\/strong>(Hacienda), la exfiscal&nbsp;<strong>Trinidad Steinert<\/strong>&nbsp;(Seguridad P\u00fablica) y el exparlamentario&nbsp;<strong>Claudio Alvarado&nbsp;<\/strong>(Interior).<\/p>\n\n\n\n<p>Por la noche est\u00e1 previsto el primer discurso de Kast como mandatario desde La Moneda, donde dejar\u00e1 clara las prioridades del \u201cGobierno de emergencia\u201d que ha prometido instalar.<\/p>\n","protected":false},"excerpt":{"rendered":"<p>Gobernar\u00e1 hasta 2030. Es el primer mandatario abiertamente \u201cpinochetista\u201d desde la recuperaci\u00f3n de la democracia en el pa\u00eds. El ultraderechista\u00a0Jos\u00e9 Antonio Kast\u00a0asumi\u00f3 este mi\u00e9rcoles la presidencia de Chile en una&hellip; <\/p>\n","protected":false},"author":8,"featured_media":248967,"comment_status":"closed","ping_status":"open","sticky":false,"template":"","format":"standard","meta":{"footnotes":""},"categories":[11],"tags":[],"class_list":["post-248966","post","type-post","status-publish","format-standard","has-post-thumbnail","hentry","category-internacionales"],"_links":{"self":[{"href":"https:\/\/corrientesdetarde.com\/index.php\/wp-json\/wp\/v2\/posts\/248966","targetHints":{"allow":["GET"]}}],"collection":[{"href":"https:\/\/corrientesdetarde.com\/index.php\/wp-json\/wp\/v2\/posts"}],"about":[{"href":"https:\/\/corrientesdetarde.com\/index.php\/wp-json\/wp\/v2\/types\/post"}],"author":[{"embeddable":true,"href":"https:\/\/corrientesdetarde.com\/index.php\/wp-json\/wp\/v2\/users\/8"}],"replies":[{"embeddable":true,"href":"https:\/\/corrientesdetarde.com\/index.php\/wp-json\/wp\/v2\/comments?post=248966"}],"version-history":[{"count":1,"href":"https:\/\/corrientesdetarde.com\/index.php\/wp-json\/wp\/v2\/posts\/248966\/revisions"}],"predecessor-version":[{"id":248968,"href":"https:\/\/corrientesdetarde.com\/index.php\/wp-json\/wp\/v2\/posts\/248966\/revisions\/248968"}],"wp:featuredmedia":[{"embeddable":true,"href":"https:\/\/corrientesdetarde.com\/index.php\/wp-json\/wp\/v2\/media\/248967"}],"wp:attachment":[{"href":"https:\/\/corrientesdetarde.com\/index.php\/wp-json\/wp\/v2\/media?parent=248966"}],"wp:term":[{"taxonomy":"category","embeddable":true,"href":"https:\/\/corrientesdetarde.com\/index.php\/wp-json\/wp\/v2\/categories?post=248966"},{"taxonomy":"post_tag","embeddable":true,"href":"https:\/\/corrientesdetarde.com\/index.php\/wp-json\/wp\/v2\/tags?post=248966"}],"curies":[{"name":"wp","href":"https:\/\/api.w.org\/{rel}","templated":true}]}}