{"id":248969,"date":"2026-03-11T16:36:02","date_gmt":"2026-03-11T19:36:02","guid":{"rendered":"https:\/\/corrientesdetarde.com\/?p=248969"},"modified":"2026-03-11T16:42:15","modified_gmt":"2026-03-11T19:42:15","slug":"promocion-y-comercializacion-del-destino-corrientes-en-la-ciudad-de-san-pablo-brasil","status":"publish","type":"post","link":"https:\/\/corrientesdetarde.com\/index.php\/destacados\/promocion-y-comercializacion-del-destino-corrientes-en-la-ciudad-de-san-pablo-brasil\/","title":{"rendered":"Promoci\u00f3n y comercializaci\u00f3n del Destino Corrientes en la ciudad de San Pablo, Brasil"},"content":{"rendered":"\n<p>Como parte de los ejes de gesti\u00f3n del Gobierno provincial, la articulaci\u00f3n con el sector privado es fundamental, en este caso para el posicionamiento y desarrollo de la pesca deportiva con devoluci\u00f3n y el turismo de naturaleza en Corrientes. Distintas acciones se llevan adelante con el prop\u00f3sito de fortalecer este v\u00ednculo y afianzar un trabajo sostenido para que la&nbsp;provincia se ubique entre las predilectas de pescadores y turistas nacionales y extranjeros. En ese marco, se concret\u00f3 hoy una actividad promocional y misi\u00f3n comercial en la ciudad brasile\u00f1a de San Pablo.<\/p>\n\n\n\n<p>En primer lugar, una presentaci\u00f3n del Destino Corrientes ante operadores y agentes locales, adem\u00e1s de mesas de trabajo con nuestros prestadores de servicios tur\u00edsticos. En tanto que tambi\u00e9n est\u00e1 prevista en horas de la tarde una recepci\u00f3n protocolar con autoridades del Consulado Argentino y finalmente la participaci\u00f3n en el Trade Show Pesca &amp; Compa\u00f1\u00eda a partir de este jueves 12 hasta el 14 de marzo.<\/p>\n\n\n\n<p>La actividad realizada en sede del Banco de la Naci\u00f3n Argentina y del Consulado de nuestro pa\u00eds en la ciudad paulista la encabez\u00f3, en representaci\u00f3n del Gobierno de Corrientes, el ministro de Turismo Juan Enrique Braillard Poccard acompa\u00f1ado del secretario coordinador del organismo provincial H\u00e9ctor D\u00e1vila y la directora de Gesti\u00f3n Tur\u00edstica Mercedes Alegre. En tanto que tambi\u00e9n participaron autoridades y funcionarios de turismo de los municipios de Concepci\u00f3n del Yaguaret\u00e9 Cor\u00e1 y de Paso de la Patria, con su respectiva embajadora de la Fiesta Nacional del Dorado. &nbsp;&nbsp;&nbsp;&nbsp;<\/p>\n\n\n\n<p>Los empresarios y prestadores de servicios tur\u00edsticos que conforman la delegaci\u00f3n son los representantes de Ituzaing\u00f3 Fishing, Caba\u00f1a del Monte de Yahap\u00e9, Jard\u00edn&nbsp;del Paran\u00e1,&nbsp;Terrazas del 20, Marcela alquiler temporario&nbsp;y&nbsp;Nito Pesca &#8211; Agueze&nbsp;de Paso de la Patria,&nbsp;Posada Casa Blanca de Esquina,&nbsp;Hotel El Tr\u00e1nsito de Concepci\u00f3n del Yaguaret\u00e9 Cor\u00e1, Aurum Lodge, Capit\u00e1 Min\u00ed Lodge, Power Pesca de It\u00e1 Ibat\u00e9, Agencia Hiroki EVT, Alize Viajes y Turismo, Posada Tres Islas, Guaz\u00fa Travel, Hotel Marriott de la ciudad de Corrientes, Cabure\u00ed Fishing y Caba\u00f1as Pato Fishing, adem\u00e1s de Moroko Pesca de Empedrado.<\/p>\n\n\n\n<figure class=\"wp-block-image size-large\"><img loading=\"lazy\" decoding=\"async\" width=\"1024\" height=\"768\" src=\"https:\/\/corrientesdetarde.com\/wp-content\/uploads\/2026\/03\/image-298-1024x768.png\" alt=\"\" class=\"wp-image-248971\" srcset=\"https:\/\/corrientesdetarde.com\/wp-content\/uploads\/2026\/03\/image-298-1024x768.png 1024w, https:\/\/corrientesdetarde.com\/wp-content\/uploads\/2026\/03\/image-298-300x225.png 300w, https:\/\/corrientesdetarde.com\/wp-content\/uploads\/2026\/03\/image-298-768x576.png 768w, https:\/\/corrientesdetarde.com\/wp-content\/uploads\/2026\/03\/image-298-1536x1152.png 1536w, https:\/\/corrientesdetarde.com\/wp-content\/uploads\/2026\/03\/image-298-2048x1536.png 2048w\" sizes=\"auto, (max-width: 1024px) 100vw, 1024px\" \/><\/figure>\n\n\n\n<figure class=\"wp-block-image size-large\"><img loading=\"lazy\" decoding=\"async\" width=\"1024\" height=\"768\" src=\"https:\/\/corrientesdetarde.com\/wp-content\/uploads\/2026\/03\/image-299-1024x768.png\" alt=\"\" class=\"wp-image-248972\" srcset=\"https:\/\/corrientesdetarde.com\/wp-content\/uploads\/2026\/03\/image-299-1024x768.png 1024w, https:\/\/corrientesdetarde.com\/wp-content\/uploads\/2026\/03\/image-299-300x225.png 300w, https:\/\/corrientesdetarde.com\/wp-content\/uploads\/2026\/03\/image-299-768x576.png 768w, https:\/\/corrientesdetarde.com\/wp-content\/uploads\/2026\/03\/image-299-1536x1152.png 1536w, https:\/\/corrientesdetarde.com\/wp-content\/uploads\/2026\/03\/image-299-2048x1536.png 2048w\" sizes=\"auto, (max-width: 1024px) 100vw, 1024px\" \/><\/figure>\n\n\n\n<figure class=\"wp-block-image size-large\"><img loading=\"lazy\" decoding=\"async\" width=\"1024\" height=\"768\" src=\"https:\/\/corrientesdetarde.com\/wp-content\/uploads\/2026\/03\/image-300-1024x768.png\" alt=\"\" class=\"wp-image-248973\" srcset=\"https:\/\/corrientesdetarde.com\/wp-content\/uploads\/2026\/03\/image-300-1024x768.png 1024w, https:\/\/corrientesdetarde.com\/wp-content\/uploads\/2026\/03\/image-300-300x225.png 300w, https:\/\/corrientesdetarde.com\/wp-content\/uploads\/2026\/03\/image-300-768x576.png 768w, https:\/\/corrientesdetarde.com\/wp-content\/uploads\/2026\/03\/image-300-1536x1152.png 1536w, https:\/\/corrientesdetarde.com\/wp-content\/uploads\/2026\/03\/image-300-2048x1536.png 2048w\" sizes=\"auto, (max-width: 1024px) 100vw, 1024px\" \/><\/figure>\n\n\n\n<figure class=\"wp-block-image size-large\"><img loading=\"lazy\" decoding=\"async\" width=\"1024\" height=\"768\" src=\"https:\/\/corrientesdetarde.com\/wp-content\/uploads\/2026\/03\/image-301-1024x768.png\" alt=\"\" class=\"wp-image-248974\" srcset=\"https:\/\/corrientesdetarde.com\/wp-content\/uploads\/2026\/03\/image-301-1024x768.png 1024w, https:\/\/corrientesdetarde.com\/wp-content\/uploads\/2026\/03\/image-301-300x225.png 300w, https:\/\/corrientesdetarde.com\/wp-content\/uploads\/2026\/03\/image-301-768x576.png 768w, https:\/\/corrientesdetarde.com\/wp-content\/uploads\/2026\/03\/image-301-1536x1152.png 1536w, https:\/\/corrientesdetarde.com\/wp-content\/uploads\/2026\/03\/image-301-2048x1536.png 2048w\" sizes=\"auto, (max-width: 1024px) 100vw, 1024px\" \/><\/figure>\n","protected":false},"excerpt":{"rendered":"<p>Como parte de los ejes de gesti\u00f3n del Gobierno provincial, la articulaci\u00f3n con el sector privado es fundamental, en este caso para el posicionamiento y desarrollo de la pesca deportiva&hellip; <\/p>\n","protected":false},"author":8,"featured_media":248970,"comment_status":"closed","ping_status":"open","sticky":false,"template":"","format":"standard","meta":{"footnotes":""},"categories":[26,31],"tags":[],"class_list":["post-248969","post","type-post","status-publish","format-standard","has-post-thumbnail","hentry","category-destacados","category-turismo"],"_links":{"self":[{"href":"https:\/\/corrientesdetarde.com\/index.php\/wp-json\/wp\/v2\/posts\/248969","targetHints":{"allow":["GET"]}}],"collection":[{"href":"https:\/\/corrientesdetarde.com\/index.php\/wp-json\/wp\/v2\/posts"}],"about":[{"href":"https:\/\/corrientesdetarde.com\/index.php\/wp-json\/wp\/v2\/types\/post"}],"author":[{"embeddable":true,"href":"https:\/\/corrientesdetarde.com\/index.php\/wp-json\/wp\/v2\/users\/8"}],"replies":[{"embeddable":true,"href":"https:\/\/corrientesdetarde.com\/index.php\/wp-json\/wp\/v2\/comments?post=248969"}],"version-history":[{"count":1,"href":"https:\/\/corrientesdetarde.com\/index.php\/wp-json\/wp\/v2\/posts\/248969\/revisions"}],"predecessor-version":[{"id":248975,"href":"https:\/\/corrientesdetarde.com\/index.php\/wp-json\/wp\/v2\/posts\/248969\/revisions\/248975"}],"wp:featuredmedia":[{"embeddable":true,"href":"https:\/\/corrientesdetarde.com\/index.php\/wp-json\/wp\/v2\/media\/248970"}],"wp:attachment":[{"href":"https:\/\/corrientesdetarde.com\/index.php\/wp-json\/wp\/v2\/media?parent=248969"}],"wp:term":[{"taxonomy":"category","embeddable":true,"href":"https:\/\/corrientesdetarde.com\/index.php\/wp-json\/wp\/v2\/categories?post=248969"},{"taxonomy":"post_tag","embeddable":true,"href":"https:\/\/corrientesdetarde.com\/index.php\/wp-json\/wp\/v2\/tags?post=248969"}],"curies":[{"name":"wp","href":"https:\/\/api.w.org\/{rel}","templated":true}]}}