{"id":248982,"date":"2026-03-11T16:50:42","date_gmt":"2026-03-11T19:50:42","guid":{"rendered":"https:\/\/corrientesdetarde.com\/?p=248982"},"modified":"2026-03-11T16:50:55","modified_gmt":"2026-03-11T19:50:55","slug":"trump-acuso-a-espana-de-no-cooperar-en-absoluto-y-volvio-a-amenazar-con-cortar-el-comercio-bilateral","status":"publish","type":"post","link":"https:\/\/corrientesdetarde.com\/index.php\/internacionales\/trump-acuso-a-espana-de-no-cooperar-en-absoluto-y-volvio-a-amenazar-con-cortar-el-comercio-bilateral\/","title":{"rendered":"Trump acus\u00f3 a Espa\u00f1a de \u201cno cooperar en absoluto\u201d y volvi\u00f3 a amenazar con cortar el comercio bilateral"},"content":{"rendered":"\n<p>El presidente de Estados Unidos cuestion\u00f3 la \u201cmala\u201d actitud del gobierno de Pedro S\u00e1nchez.<\/p>\n\n\n\n<p>El presidente de Estados Unidos,\u00a0<strong>Donald Trump<\/strong>, acus\u00f3 este mi\u00e9rcoles a Espa\u00f1a de \u201c<strong>no cooperar en absoluto<\/strong>\u201d en la\u00a0guerra de Ir\u00e1n, critic\u00f3 la \u201cmala\u201d actitud del Gobierno espa\u00f1ol y reiter\u00f3 sus amenazas de cortar el comercio con el pa\u00eds.<\/p>\n\n\n\n<p>\u201cCreo que no est\u00e1n cooperando en absoluto. Creo que&nbsp;<strong>se han portado muy mal<\/strong>, muy mal. Quiz\u00e1s cortemos el comercio con Espa\u00f1a\u201d, dijo Trump al ser preguntado sobre la colaboraci\u00f3n con el pa\u00eds europeo en la operaci\u00f3n conjunta con Israel contra la Rep\u00fablica Isl\u00e1mica.<\/p>\n\n\n\n<p>El mandatario insisti\u00f3 en que el Gobierno de&nbsp;<strong>Pedro S\u00e1nchez<\/strong>&nbsp;\u201cse ha portado muy mal con la OTAN\u201d por no comprometer un 5 % de su PIB en gastos de defensa, como el resto de los Estados miembros de la Alianza Atl\u00e1ntica. \u201cEst\u00e1n protegidos, pero no quieren pagar su parte justa\u201d, agreg\u00f3.<\/p>\n\n\n\n<p>\u201cLa gente de Espa\u00f1a es fant\u00e1stica. El liderazgo no es tan bueno\u201d, advirti\u00f3 Trump, quien la semana pasada carg\u00f3 contra Espa\u00f1a por no permitir el uso de las bases de Rota y Mor\u00f3n para los ataques a Ir\u00e1n.<\/p>\n\n\n\n<h2 class=\"wp-block-heading\">\u00bfEE.UU. cortar\u00e1 su comercio con Espa\u00f1a?<\/h2>\n\n\n\n<p>Trump amenaz\u00f3 con cortar todo el comercio con Espa\u00f1a e imponer un embargo comercial al pa\u00eds, que como parte de la Uni\u00f3n Europea negocia en bloque las relaciones comerciales con Washington.<\/p>\n\n\n\n<p>Desde Madrid, S\u00e1nchez calific\u00f3 como un \u201cerror\u201d las operaciones en Ir\u00e1n que, seg\u00fan advirti\u00f3, tendr\u00e1n consecuencias notables. Adem\u00e1s, destac\u00f3 su \u201cadmiraci\u00f3n\u201d por la sociedad estadounidense y su \u201crespeto\u201d a la Presidencia de ese pa\u00eds.<\/p>\n\n\n\n<figure class=\"wp-block-image\"><img decoding=\"async\" src=\"https:\/\/tn.com.ar\/resizer\/v2\/el-jefe-de-gobierno-espanol-pedro-sanchez-kenny-holstonthe-new-york-times-26Z3CB57NJAR7MK6QJVBQNYH5A?auth=9ce109de28700c3ccc85a35d9bb943d3e3a78b4935f1e0ce8a41f6477c639917&amp;width=767\" alt=\"El jefe de gobierno espa\u00f1ol, Pedro Sanchez (Kenny Holston\/The New York Times)\"\/><\/figure>\n\n\n\n<p>Espa\u00f1a alberga varias instalaciones utilizadas por Estados Unidos y la OTAN como parte de su arquitectura de defensa en el Mediterr\u00e1neo.<\/p>\n\n\n\n<p>Entre ellas destacan la base naval de Rota y la base a\u00e9rea de Mor\u00f3n, que sirven como puntos estrat\u00e9gicos para operaciones militares, log\u00edsticas y de despliegue r\u00e1pido de la Alianza en Europa, \u00c1frica y Oriente Medio.<\/p>\n\n\n\n<p>Tras el inicio de los ataques contra Ir\u00e1n, Madrid envi\u00f3 la fragata \u2018Crist\u00f3bal Col\u00f3n\u2019 a Chipre para contribuir \u201ca la defensa y la seguridad colectiva\u201d de las naciones europeas.<\/p>\n\n\n\n<p><\/p>\n","protected":false},"excerpt":{"rendered":"<p>El presidente de Estados Unidos cuestion\u00f3 la \u201cmala\u201d actitud del gobierno de Pedro S\u00e1nchez. El presidente de Estados Unidos,\u00a0Donald Trump, acus\u00f3 este mi\u00e9rcoles a Espa\u00f1a de \u201cno cooperar en absoluto\u201d&hellip; <\/p>\n","protected":false},"author":8,"featured_media":248983,"comment_status":"closed","ping_status":"open","sticky":false,"template":"","format":"standard","meta":{"footnotes":""},"categories":[11],"tags":[],"class_list":["post-248982","post","type-post","status-publish","format-standard","has-post-thumbnail","hentry","category-internacionales"],"_links":{"self":[{"href":"https:\/\/corrientesdetarde.com\/index.php\/wp-json\/wp\/v2\/posts\/248982","targetHints":{"allow":["GET"]}}],"collection":[{"href":"https:\/\/corrientesdetarde.com\/index.php\/wp-json\/wp\/v2\/posts"}],"about":[{"href":"https:\/\/corrientesdetarde.com\/index.php\/wp-json\/wp\/v2\/types\/post"}],"author":[{"embeddable":true,"href":"https:\/\/corrientesdetarde.com\/index.php\/wp-json\/wp\/v2\/users\/8"}],"replies":[{"embeddable":true,"href":"https:\/\/corrientesdetarde.com\/index.php\/wp-json\/wp\/v2\/comments?post=248982"}],"version-history":[{"count":1,"href":"https:\/\/corrientesdetarde.com\/index.php\/wp-json\/wp\/v2\/posts\/248982\/revisions"}],"predecessor-version":[{"id":248984,"href":"https:\/\/corrientesdetarde.com\/index.php\/wp-json\/wp\/v2\/posts\/248982\/revisions\/248984"}],"wp:featuredmedia":[{"embeddable":true,"href":"https:\/\/corrientesdetarde.com\/index.php\/wp-json\/wp\/v2\/media\/248983"}],"wp:attachment":[{"href":"https:\/\/corrientesdetarde.com\/index.php\/wp-json\/wp\/v2\/media?parent=248982"}],"wp:term":[{"taxonomy":"category","embeddable":true,"href":"https:\/\/corrientesdetarde.com\/index.php\/wp-json\/wp\/v2\/categories?post=248982"},{"taxonomy":"post_tag","embeddable":true,"href":"https:\/\/corrientesdetarde.com\/index.php\/wp-json\/wp\/v2\/tags?post=248982"}],"curies":[{"name":"wp","href":"https:\/\/api.w.org\/{rel}","templated":true}]}}