{"id":248985,"date":"2026-03-11T16:53:46","date_gmt":"2026-03-11T19:53:46","guid":{"rendered":"https:\/\/corrientesdetarde.com\/?p=248985"},"modified":"2026-03-11T16:53:51","modified_gmt":"2026-03-11T19:53:51","slug":"finalissima-horas-clave-para-definir-si-se-juega-el-partido-entre-la-seleccion-argentina-y-espana","status":"publish","type":"post","link":"https:\/\/corrientesdetarde.com\/index.php\/deportes\/finalissima-horas-clave-para-definir-si-se-juega-el-partido-entre-la-seleccion-argentina-y-espana\/","title":{"rendered":"Finalissima: horas clave para definir si se juega el partido entre la Selecci\u00f3n argentina y Espa\u00f1a"},"content":{"rendered":"\n<p>Rafael Louz\u00e1n, presidente de Federaci\u00f3n de F\u00fatbol del conjunto europeo, fue contundente respecto de su postura.<\/p>\n\n\n\n<p>El conflicto en Medio Oriente modific\u00f3 la vida de muchas personas y, en el plano deportivo, afect\u00f3 directamente a la realizaci\u00f3n de la\u00a0<strong>Finalissima\u00a0entre la\u00a0Selecci\u00f3n argentina\u00a0y\u00a0Espa\u00f1a<\/strong>. Las pr\u00f3ximas horas ser\u00e1n clave para la definici\u00f3n sobre la organizaci\u00f3n del encuentro que enfrentar\u00e1 al campe\u00f3n de la Copa Am\u00e9rica y la Eurocopa.<\/p>\n\n\n\n<p>Ante esta guerra entre Estados Unidos, Israel e Ir\u00e1n, muchos pa\u00edses de la regi\u00f3n se vieron afectados, entre ellos Qatar, el lugar elegido como sede para la Finalissima del viernes 27 marzo. Si bien este martes regres\u00f3 el f\u00fatbol a la liga local del pa\u00eds asi\u00e1tico,&nbsp;<strong>no parecen estar dadas las condiciones para que el partido se juegue en Doha,<\/strong>&nbsp;tal como estaba planeado.<\/p>\n\n\n\n<figure class=\"wp-block-image\"><img decoding=\"async\" src=\"https:\/\/tn.com.ar\/resizer\/v2\/rafael-louzan-presidente-de-la-real-federacion-espanola-de-futbol-foto-efe-DLHRLLI2LJELDN3THBSPSND3PU.jpg?auth=0067bdd2ef93f40f999cc16299c94ac7c06e04e5cca9f66eceef343e589a2085&amp;width=767\" alt=\"Rafael Louz\u00e1n, presidente de la Real Federaci\u00f3n Espa\u00f1ola de F\u00fatbol. (Foto: EFE)\"\/><\/figure>\n\n\n\n<p>En este sentido, el presidente de la Real Federaci\u00f3n Espa\u00f1ola de F\u00fatbol (RFEF), Rafael Louz\u00e1n, fue claro y&nbsp;<strong>advirti\u00f3 que es muy poco probable que se pueda jugar en esta fecha tal como estaba planteado<\/strong>.<\/p>\n\n\n\n<p>\u201cEsta situaci\u00f3n lo ha trastocado.&nbsp;<strong>Lo llevamos monitorizando minuto a minuto. Tenemos un gabinete para este tema&#8221;<\/strong>, hab\u00eda declarado en di\u00e1logo con&nbsp;<em>El Larguero<\/em>&nbsp;el lunes y hab\u00eda establecido un plazo de unas 48 horas para comunicar la decisi\u00f3n final.<\/p>\n\n\n\n<p>Si bien se refiri\u00f3 al partido, afirm\u00f3 que la realidad supera cualquier aspecto deportivo: \u201cEspa\u00f1a y Argentina tienen un problema con esto, pero el que tiene un problema serio son esos pa\u00edses como Qatar, Arabia Saudita\u2026 Cualquier acuerdo que se tome sobre este tema va a condicionar muchas cosas luego\u201d.<\/p>\n\n\n\n<p>De esta manera,&nbsp;<strong>desde la selecci\u00f3n de Espa\u00f1a esperan tener una definici\u00f3n antes de este jueves 12 de marzo<\/strong>, a casi dos semanas del partido.<\/p>\n\n\n\n<p>En cuanto a las posibles sedes, Louz\u00e1n fue claro y apost\u00f3 por la l\u00f3gica: &#8220;<strong>Este partido se tendr\u00eda que jugar en terreno neutral. Pero parece que debe ser en Europa.&nbsp;<\/strong>La mayor\u00eda de los jugadores est\u00e1n en Europa. Espa\u00f1a siempre est\u00e1, porque es uno de los mejores sitios para organizar cosas&#8221;.<\/p>\n\n\n\n<p>Ante esta situaci\u00f3n, aparecen dos posibles sedes que tomaron la delantera a la hora de analizar nuevas opciones:<strong>&nbsp;Londres y Lisboa.<\/strong><\/p>\n\n\n\n<p>Sin embargo, por el momento, se mantiene la incertidumbre de los fan\u00e1ticos que esperan por este partido que ser\u00e1 importante antes de la Copa del Mundo.<\/p>\n\n\n\n<h2 class=\"wp-block-heading\">La postura de la Selecci\u00f3n argentina para la sede de la Finalissima<\/h2>\n\n\n\n<p>En medio de la incertidumbre, Pablo Aimar se refiri\u00f3 a la Finalissima y se mostr\u00f3 expectante por la decisi\u00f3n: \u201c<strong>No sabemos d\u00f3nde se jugar\u00e1 todav\u00eda; ojal\u00e1 sea en un lugar seguro. Ser\u00e1 lindo jugarla, siempre que se pueda<\/strong>\u201d.<\/p>\n\n\n\n<p>Con miras al pr\u00f3ximo&nbsp;<strong>Mundial<\/strong>, Aimar admiti\u00f3 que el mayor objetivo del plantel es \u201c<strong>renovar la motivaci\u00f3n<\/strong>\u201d. \u201cFalta todav\u00eda\u201d, remarc\u00f3, y agreg\u00f3: \u201c<strong>Hay partidos, hay ligas, hay un mont\u00f3n de cuestiones que van sucediendo minuto a minuto en el f\u00fatbol<\/strong>\u201d.<\/p>\n","protected":false},"excerpt":{"rendered":"<p>Rafael Louz\u00e1n, presidente de Federaci\u00f3n de F\u00fatbol del conjunto europeo, fue contundente respecto de su postura. El conflicto en Medio Oriente modific\u00f3 la vida de muchas personas y, en el&hellip; <\/p>\n","protected":false},"author":8,"featured_media":248986,"comment_status":"closed","ping_status":"open","sticky":false,"template":"","format":"standard","meta":{"footnotes":""},"categories":[4],"tags":[],"class_list":["post-248985","post","type-post","status-publish","format-standard","has-post-thumbnail","hentry","category-deportes"],"_links":{"self":[{"href":"https:\/\/corrientesdetarde.com\/index.php\/wp-json\/wp\/v2\/posts\/248985","targetHints":{"allow":["GET"]}}],"collection":[{"href":"https:\/\/corrientesdetarde.com\/index.php\/wp-json\/wp\/v2\/posts"}],"about":[{"href":"https:\/\/corrientesdetarde.com\/index.php\/wp-json\/wp\/v2\/types\/post"}],"author":[{"embeddable":true,"href":"https:\/\/corrientesdetarde.com\/index.php\/wp-json\/wp\/v2\/users\/8"}],"replies":[{"embeddable":true,"href":"https:\/\/corrientesdetarde.com\/index.php\/wp-json\/wp\/v2\/comments?post=248985"}],"version-history":[{"count":1,"href":"https:\/\/corrientesdetarde.com\/index.php\/wp-json\/wp\/v2\/posts\/248985\/revisions"}],"predecessor-version":[{"id":248987,"href":"https:\/\/corrientesdetarde.com\/index.php\/wp-json\/wp\/v2\/posts\/248985\/revisions\/248987"}],"wp:featuredmedia":[{"embeddable":true,"href":"https:\/\/corrientesdetarde.com\/index.php\/wp-json\/wp\/v2\/media\/248986"}],"wp:attachment":[{"href":"https:\/\/corrientesdetarde.com\/index.php\/wp-json\/wp\/v2\/media?parent=248985"}],"wp:term":[{"taxonomy":"category","embeddable":true,"href":"https:\/\/corrientesdetarde.com\/index.php\/wp-json\/wp\/v2\/categories?post=248985"},{"taxonomy":"post_tag","embeddable":true,"href":"https:\/\/corrientesdetarde.com\/index.php\/wp-json\/wp\/v2\/tags?post=248985"}],"curies":[{"name":"wp","href":"https:\/\/api.w.org\/{rel}","templated":true}]}}