{"id":248992,"date":"2026-03-11T21:20:34","date_gmt":"2026-03-12T00:20:34","guid":{"rendered":"https:\/\/corrientesdetarde.com\/?p=248992"},"modified":"2026-03-11T21:20:46","modified_gmt":"2026-03-12T00:20:46","slug":"la-ministra-mariel-gabur-destaco-el-rol-de-la-mujer-rural-en-un-panel-internacional-en-la-expoagro-2","status":"publish","type":"post","link":"https:\/\/corrientesdetarde.com\/index.php\/actualidad\/la-ministra-mariel-gabur-destaco-el-rol-de-la-mujer-rural-en-un-panel-internacional-en-la-expoagro-2\/","title":{"rendered":"La ministra Mariel Gabur destac\u00f3 el rol de la mujer rural en un panel internacional en la Expoagro"},"content":{"rendered":"\n<p><em>En el marco de Expoagro, la ministra de Industria, Trabajo y Comercio de Corrientes, Mariel Gabur, invitaci\u00f3n especial de la Embajada de Alemania en Argentina, particip\u00f3 como disertante en un panel sobre el Rol de la Mujer en la Agricultura. El encuentro se consolid\u00f3 como un foro clave para debatir pol\u00edticas de igualdad de g\u00e9nero y estrategias de empoderamiento dentro del sector agropecuario.<\/em><\/p>\n\n\n\n<p>La ministra de Industria, Trabajo y Comercio de Corrientes, Mariel Gabur, particip\u00f3 de la inauguraci\u00f3n de la Expoagro 2026, que se desarrolla del 10 al 13 de marzo en el predio ferial del aut\u00f3dromo de San Nicol\u00e1s. A la vez acompa\u00f1\u00f3 un panel internacional \u2013 invitada por la Embajada de Alemania en Argentina- en donde expuso sobre el rol de la mujer en la agricultura y el aporte femenino al desarrollo productivo. Adem\u00e1s, remarc\u00f3 la importancia de la presencia de la provincia en uno de los principales encuentros del sector agroindustrial del pa\u00eds.<\/p>\n\n\n\n<p>Durante la actividad, la funcionaria se\u00f1al\u00f3 que Expoagro representa \u201cel federalismo agroindustrial\u201d, al reunir a referentes y autoridades de distintas provincias vinculadas al sector. En ese marco, explic\u00f3 que la presencia correntina responde a una decisi\u00f3n del Gobierno provincial de acompa\u00f1ar al sector productivo.<\/p>\n\n\n\n<p>Seg\u00fan indic\u00f3, el gobernador Juan Pablo Vald\u00e9s dio instrucciones de participar activamente del evento para respaldar a los productores y emprendedores locales. En ese sentido, sostuvo que Corrientes cuenta con sectores productivos de gran relevancia. \u201cCorrientes ranquea en yerba mate, ranquea muy bien en arroz y tiene una muy buena presencia en el sector ganadero con razas como Brangus y Braford\u201d, remarc\u00f3.<\/p>\n\n\n\n<p>Gabur explic\u00f3 que la feria es un espacio clave para conocer las innovaciones del sector. \u201cDe ac\u00e1 sale todo lo nuevo, toda la tecnolog\u00eda y todo lo premium del sector agroindustrial comienza en esta feria\u201d, afirm\u00f3, al tiempo que destac\u00f3 la importancia de que la provincia est\u00e9 presente acompa\u00f1ando al sector privado, y resalt\u00f3 el impacto directo que el trabajo femenino tiene en el entramado productivo y la econom\u00eda de Corrientes.<\/p>\n\n\n\n<p>Durante la jornada, la delegaci\u00f3n correntina recorri\u00f3 distintos espacios vinculados a la ganader\u00eda, participando de la jura de la raza Braford y visitando la carpa de Brangus. Seg\u00fan coment\u00f3 la ministra, en el evento se percibi\u00f3 una fuerte presencia del sector productivo de la provincia.<\/p>\n\n\n\n<p>Adem\u00e1s de las actividades institucionales, Gabur fue invitada por la Embajada de Alemania en Argentina a participar en un coloquio sobre mujeres rurales, organizado junto a la Red de Mujeres Rurales Argentinas. Para la funcionaria, la convocatoria represent\u00f3 un reconocimiento al trabajo de las mujeres dentro del sector. El espacio facilit\u00f3 el intercambio de experiencias con la delegaci\u00f3n alemana, buscando replicar modelos de \u00e9xito en la equidad laboral.<\/p>\n\n\n\n<p>\u201cPara m\u00ed fue un honor ser invitada por la embajada de Alemania y compartir este espacio con otras mujeres del sector agr\u00edcola\u201d, expres\u00f3. En ese \u00e1mbito, explic\u00f3 que pudo relatar su experiencia personal vinculada al trabajo en el campo y su trayectoria hasta llegar al cargo de ministra.<\/p>\n\n\n\n<p>La funcionaria record\u00f3 adem\u00e1s el v\u00ednculo hist\u00f3rico entre Corrientes y la inmigraci\u00f3n alemana, particularmente en Colonia Liebig, su localidad de origen, donde comunidades de ese pa\u00eds impulsaron el desarrollo de cooperativas yerbateras que hoy cuentan con marcas reconocidas a nivel nacional.<\/p>\n\n\n\n<p>Con relaci\u00f3n al rol de la mujer en la actividad agropecuaria, Gabur sostuvo que todav\u00eda existen desaf\u00edos, aunque remarc\u00f3 los avances logrados en los \u00faltimos a\u00f1os. \u201cTanto en Alemania como en Argentina luchar por un lugar en el sector agroindustrial no es f\u00e1cil, pero las mujeres lo estamos consiguiendo\u201d, afirm\u00f3.<\/p>\n\n\n\n<p>En ese sentido, consider\u00f3 fundamental fortalecer las redes de trabajo entre mujeres y fomentar la capacitaci\u00f3n. \u201cTenemos que formarnos, mostrar lo que hacemos y visibilizar el trabajo de otras mujeres\u201d, se\u00f1al\u00f3, al destacar que el aporte femenino puede contribuir significativamente tanto en el \u00e1mbito p\u00fablico como privado.<\/p>\n\n\n\n<p>Respecto a las pol\u00edticas que impulsa la provincia para acompa\u00f1ar a las emprendedoras, la ministra mencion\u00f3 el programa Hecho en Corrientes, una iniciativa que promueve y visibiliza productos locales con el acompa\u00f1amiento de empresas y marcas consolidadas del sector yerbatero.<\/p>\n\n\n\n<p>Seg\u00fan explic\u00f3, el programa cuenta con una importante participaci\u00f3n femenina entre sus emprendedoras, a quienes se busca apoyar para potenciar sus proyectos productivos. En ese marco, afirm\u00f3 que el objetivo es acompa\u00f1arlas para que puedan crecer y desarrollar sus emprendimientos.<\/p>\n\n\n\n<p>En este sentido, Gabur adelant\u00f3 que el Gobierno provincial trabaja en nuevas instancias de capacitaci\u00f3n orientadas especialmente a mujeres, incluyendo propuestas de formaci\u00f3n online que permitan compatibilizar el aprendizaje con las responsabilidades familiares.<\/p>\n\n\n\n<p>Finalmente, consider\u00f3 la necesidad de seguir generando herramientas y pol\u00edticas p\u00fablicas que permitan a las mujeres rurales alcanzar su m\u00e1ximo desarrollo profesional. \u201cQueremos que m\u00e1s mujeres se sigan capacitando y puedan aprovechar las oportunidades cuando surjan, con conocimiento y con capacidades\u201d, concluy\u00f3.<\/p>\n","protected":false},"excerpt":{"rendered":"<p>En el marco de Expoagro, la ministra de Industria, Trabajo y Comercio de Corrientes, Mariel Gabur, invitaci\u00f3n especial de la Embajada de Alemania en Argentina, particip\u00f3 como disertante en un&hellip; <\/p>\n","protected":false},"author":4,"featured_media":249007,"comment_status":"closed","ping_status":"open","sticky":false,"template":"","format":"standard","meta":{"footnotes":""},"categories":[23],"tags":[],"class_list":["post-248992","post","type-post","status-publish","format-standard","has-post-thumbnail","hentry","category-actualidad"],"_links":{"self":[{"href":"https:\/\/corrientesdetarde.com\/index.php\/wp-json\/wp\/v2\/posts\/248992","targetHints":{"allow":["GET"]}}],"collection":[{"href":"https:\/\/corrientesdetarde.com\/index.php\/wp-json\/wp\/v2\/posts"}],"about":[{"href":"https:\/\/corrientesdetarde.com\/index.php\/wp-json\/wp\/v2\/types\/post"}],"author":[{"embeddable":true,"href":"https:\/\/corrientesdetarde.com\/index.php\/wp-json\/wp\/v2\/users\/4"}],"replies":[{"embeddable":true,"href":"https:\/\/corrientesdetarde.com\/index.php\/wp-json\/wp\/v2\/comments?post=248992"}],"version-history":[{"count":1,"href":"https:\/\/corrientesdetarde.com\/index.php\/wp-json\/wp\/v2\/posts\/248992\/revisions"}],"predecessor-version":[{"id":249008,"href":"https:\/\/corrientesdetarde.com\/index.php\/wp-json\/wp\/v2\/posts\/248992\/revisions\/249008"}],"wp:featuredmedia":[{"embeddable":true,"href":"https:\/\/corrientesdetarde.com\/index.php\/wp-json\/wp\/v2\/media\/249007"}],"wp:attachment":[{"href":"https:\/\/corrientesdetarde.com\/index.php\/wp-json\/wp\/v2\/media?parent=248992"}],"wp:term":[{"taxonomy":"category","embeddable":true,"href":"https:\/\/corrientesdetarde.com\/index.php\/wp-json\/wp\/v2\/categories?post=248992"},{"taxonomy":"post_tag","embeddable":true,"href":"https:\/\/corrientesdetarde.com\/index.php\/wp-json\/wp\/v2\/tags?post=248992"}],"curies":[{"name":"wp","href":"https:\/\/api.w.org\/{rel}","templated":true}]}}