{"id":248996,"date":"2026-03-11T20:29:53","date_gmt":"2026-03-11T23:29:53","guid":{"rendered":"https:\/\/corrientesdetarde.com\/?p=248996"},"modified":"2026-03-11T20:30:05","modified_gmt":"2026-03-11T23:30:05","slug":"la-dpec-realizara-trabajos-de-mejoras-en-capital-y-paso-de-los-libres-14","status":"publish","type":"post","link":"https:\/\/corrientesdetarde.com\/index.php\/destacados\/la-dpec-realizara-trabajos-de-mejoras-en-capital-y-paso-de-los-libres-14\/","title":{"rendered":"La DPEC realizar\u00e1 trabajos de mejoras en Capital y Paso de los Libres"},"content":{"rendered":"\n<p>La Direcci\u00f3n Provincial de Energ\u00eda de Corrientes comunica que, por ejecutar diversos trabajos de mantenimiento para la mejora del servicio en la ciudad Capital y Paso de los Libres, se interrumpir\u00e1 el suministro de energ\u00eda el\u00e9ctrica el d\u00eda jueves 12 de marzo de 2026.<\/p>\n\n\n\n<p>Es por eso que, en la ciudad Capital, la Direcci\u00f3n Provincial de Energ\u00eda de Corrientes (DPEC), ejecutar\u00e1 tareas de mantenimiento de L\u00edneas de Media Tensi\u00f3n y por tal motivo, interrumpir\u00e1 el suministro de energ\u00eda el\u00e9ctrica, el jueves 12 de marzo de 2026 en el horario de 08:00 a 12:00 en las zonas de los barrios Primera Junta, Villa Raquel y zonas de influencia.<\/p>\n\n\n\n<p>Por \u00faltimo, informa que, con motivo de realizar mejoras en el servicio, se ejecutar\u00e1n tareas de mantenimiento de L\u00edneas de Media Tensi\u00f3n y por lo cual se interrumpir\u00e1 el suministro de energ\u00eda el\u00e9ctrica en la localidad de Paso de los Libres, el jueves 12 de marzo de 2026 de 07:30 a 13:00 hs en las zonas del Barrio Primavera, F\u00e1brica de Pastas, Vivero y zonas de influencia.<\/p>\n","protected":false},"excerpt":{"rendered":"<p>La Direcci\u00f3n Provincial de Energ\u00eda de Corrientes comunica que, por ejecutar diversos trabajos de mantenimiento para la mejora del servicio en la ciudad Capital y Paso de los Libres, se&hellip; <\/p>\n","protected":false},"author":4,"featured_media":235837,"comment_status":"closed","ping_status":"open","sticky":false,"template":"","format":"standard","meta":{"footnotes":""},"categories":[26],"tags":[],"class_list":["post-248996","post","type-post","status-publish","format-standard","has-post-thumbnail","hentry","category-destacados"],"_links":{"self":[{"href":"https:\/\/corrientesdetarde.com\/index.php\/wp-json\/wp\/v2\/posts\/248996","targetHints":{"allow":["GET"]}}],"collection":[{"href":"https:\/\/corrientesdetarde.com\/index.php\/wp-json\/wp\/v2\/posts"}],"about":[{"href":"https:\/\/corrientesdetarde.com\/index.php\/wp-json\/wp\/v2\/types\/post"}],"author":[{"embeddable":true,"href":"https:\/\/corrientesdetarde.com\/index.php\/wp-json\/wp\/v2\/users\/4"}],"replies":[{"embeddable":true,"href":"https:\/\/corrientesdetarde.com\/index.php\/wp-json\/wp\/v2\/comments?post=248996"}],"version-history":[{"count":1,"href":"https:\/\/corrientesdetarde.com\/index.php\/wp-json\/wp\/v2\/posts\/248996\/revisions"}],"predecessor-version":[{"id":248997,"href":"https:\/\/corrientesdetarde.com\/index.php\/wp-json\/wp\/v2\/posts\/248996\/revisions\/248997"}],"wp:featuredmedia":[{"embeddable":true,"href":"https:\/\/corrientesdetarde.com\/index.php\/wp-json\/wp\/v2\/media\/235837"}],"wp:attachment":[{"href":"https:\/\/corrientesdetarde.com\/index.php\/wp-json\/wp\/v2\/media?parent=248996"}],"wp:term":[{"taxonomy":"category","embeddable":true,"href":"https:\/\/corrientesdetarde.com\/index.php\/wp-json\/wp\/v2\/categories?post=248996"},{"taxonomy":"post_tag","embeddable":true,"href":"https:\/\/corrientesdetarde.com\/index.php\/wp-json\/wp\/v2\/tags?post=248996"}],"curies":[{"name":"wp","href":"https:\/\/api.w.org\/{rel}","templated":true}]}}