{"id":249001,"date":"2026-03-11T20:39:27","date_gmt":"2026-03-11T23:39:27","guid":{"rendered":"https:\/\/corrientesdetarde.com\/?p=249001"},"modified":"2026-03-11T20:39:39","modified_gmt":"2026-03-11T23:39:39","slug":"corrientes-adhirio-al-programa-federal-de-primera-infancia","status":"publish","type":"post","link":"https:\/\/corrientesdetarde.com\/index.php\/locales\/corrientes-adhirio-al-programa-federal-de-primera-infancia\/","title":{"rendered":"Corrientes adhiri\u00f3 al Programa Federal de Primera Infancia"},"content":{"rendered":"\n<p><em>El ministro de Desarrollo Social, Jos\u00e9 Irigoyen, y la ministra de Capital Humano de la Naci\u00f3n, Sandra Petovello, suscribieron el convenio que prev\u00e9 mejorar el acceso y la calidad de atenci\u00f3n de ni\u00f1os desde el embarazo hasta los 4 a\u00f1os. Junto a otras provincias, Corrientes y Naci\u00f3n acuerdan intervenir en conjunto con los entornos institucionales (Centros de Desarrollo Infantil) y familiares para fortalecer la inversi\u00f3n en la primera infancia. &#8220;De esta manera avanzamos firmemente en lo que estableci\u00f3 el gobernador Juan Pablo Vald\u00e9s sobre los ejes de gesti\u00f3n que es desarrollo social con inclusi\u00f3n&#8221;.<\/em><\/p>\n\n\n\n<p>En la sede del Ministerio de Capital Humano de la Naci\u00f3n en la Ciudad Aut\u00f3noma de Buenos Aires (CABA), el ministro de Desarrollo Social de Corrientes, Jos\u00e9 Irigoyen, firm\u00f3 un acuerdo con la titular de la mencionada cartera nacional, Sandra Petovello, por el cual la Provincia adhiere al Programa Federal de Primera Inftancia. En ese marco, hicieron lo propio&nbsp;las jurisdicciones de Jujuy, Chubut y Chaco.<\/p>\n\n\n\n<p>El programa est\u00e1 a cargo de la Secretar\u00eda de Ni\u00f1ez, Adolescencia y Familia de la Naci\u00f3n y tiene como punto central,&nbsp;el de mejorar el acceso de la poblaci\u00f3n m\u00e1s vulnerable a servicios de primera infancia y elevar la calidad de la atenci\u00f3n, del cuidado y la crianza de ni\u00f1os desde el embarazo hasta los 48 meses. Para ello, se prev\u00e9 la mejora de los Centros de Desarrollo Infantil (CDI), capacitaci\u00f3n y monitoreo, ampliar las estrategias de acompa\u00f1amiento familiar, generar sistemas de informaci\u00f3n integrados que orienten a la toma de decisiones e implementar esquemas de financiamiento basados en resultados y cumplimiento de objetivos.<\/p>\n\n\n\n<p><strong>Agenda abierta<\/strong><\/p>\n\n\n\n<p>Adem\u00e1s del convenio, el ministro Irigoyen indic\u00f3 que hubo encuentros entre los equipos t\u00e9cnicos de Corrientes y la Naci\u00f3n para cotejar los distintos programas con los que cuenta el Gobierno nacional y las gestiones que realiza Corrientes para su implementaci\u00f3n en la Provincia.<\/p>\n","protected":false},"excerpt":{"rendered":"<p>El ministro de Desarrollo Social, Jos\u00e9 Irigoyen, y la ministra de Capital Humano de la Naci\u00f3n, Sandra Petovello, suscribieron el convenio que prev\u00e9 mejorar el acceso y la calidad de&hellip; <\/p>\n","protected":false},"author":4,"featured_media":249002,"comment_status":"closed","ping_status":"open","sticky":false,"template":"","format":"standard","meta":{"footnotes":""},"categories":[8],"tags":[],"class_list":["post-249001","post","type-post","status-publish","format-standard","has-post-thumbnail","hentry","category-locales"],"_links":{"self":[{"href":"https:\/\/corrientesdetarde.com\/index.php\/wp-json\/wp\/v2\/posts\/249001","targetHints":{"allow":["GET"]}}],"collection":[{"href":"https:\/\/corrientesdetarde.com\/index.php\/wp-json\/wp\/v2\/posts"}],"about":[{"href":"https:\/\/corrientesdetarde.com\/index.php\/wp-json\/wp\/v2\/types\/post"}],"author":[{"embeddable":true,"href":"https:\/\/corrientesdetarde.com\/index.php\/wp-json\/wp\/v2\/users\/4"}],"replies":[{"embeddable":true,"href":"https:\/\/corrientesdetarde.com\/index.php\/wp-json\/wp\/v2\/comments?post=249001"}],"version-history":[{"count":1,"href":"https:\/\/corrientesdetarde.com\/index.php\/wp-json\/wp\/v2\/posts\/249001\/revisions"}],"predecessor-version":[{"id":249003,"href":"https:\/\/corrientesdetarde.com\/index.php\/wp-json\/wp\/v2\/posts\/249001\/revisions\/249003"}],"wp:featuredmedia":[{"embeddable":true,"href":"https:\/\/corrientesdetarde.com\/index.php\/wp-json\/wp\/v2\/media\/249002"}],"wp:attachment":[{"href":"https:\/\/corrientesdetarde.com\/index.php\/wp-json\/wp\/v2\/media?parent=249001"}],"wp:term":[{"taxonomy":"category","embeddable":true,"href":"https:\/\/corrientesdetarde.com\/index.php\/wp-json\/wp\/v2\/categories?post=249001"},{"taxonomy":"post_tag","embeddable":true,"href":"https:\/\/corrientesdetarde.com\/index.php\/wp-json\/wp\/v2\/tags?post=249001"}],"curies":[{"name":"wp","href":"https:\/\/api.w.org\/{rel}","templated":true}]}}