{"id":249010,"date":"2026-03-12T01:10:51","date_gmt":"2026-03-12T04:10:51","guid":{"rendered":"https:\/\/corrientesdetarde.com\/?p=249010"},"modified":"2026-03-12T01:11:14","modified_gmt":"2026-03-12T04:11:14","slug":"valdes-se-reunio-con-importantes-inversores-ceos-y-gobernadores-con-el-objetivo-de-conseguir-financiamiento-para-la-provincia","status":"publish","type":"post","link":"https:\/\/corrientesdetarde.com\/index.php\/locales\/valdes-se-reunio-con-importantes-inversores-ceos-y-gobernadores-con-el-objetivo-de-conseguir-financiamiento-para-la-provincia\/","title":{"rendered":"Vald\u00e9s se reuni\u00f3 con importantes inversores, CEOS y gobernadores con el objetivo de conseguir financiamiento para la provincia"},"content":{"rendered":"\n<p>El gobernador Juan Pablo Vald\u00e9s en la continuidad de esta tercera jornada de la Argentina Week que se realiza en Nueva York, se reuni\u00f3 este mi\u00e9rcoles en el Bank of America con gobernadores, CEOs e inversionistas globales para intercambiar las estrategias implementadas con el objetivo de ver las posibilidades de desarrollo de las provincias. Adem\u00e1s, acompa\u00f1aron la disertaci\u00f3n del ministro de Econom\u00eda de la Argentina, Luis Caputo en el evento para luego reunirse con el jefe de Gabinete, Manuel Adorni para ver las oportunidades de crecimiento y expansi\u00f3n de las econom\u00edas locales.<\/p>\n\n\n\n<p>Por medio de sus redes sociales, el gobernador Juan Pablo Vald\u00e9s en esta tercera jornada de la Argentina Week inform\u00f3 que \u201cen el Bank of America nos reunimos gobernadores, CEOs y equipos t\u00e9cnicos de inversionistas globales\u201d en donde: \u201cIntercambiamos estrategias implementadas en tecnolog\u00eda, producci\u00f3n y finanzas, y las posibilidades de desarrollo que tenemos en las provincias\u201d.<\/p>\n\n\n\n<p>Adem\u00e1s, destac\u00f3 que \u201cen foros, tratamos temas vinculados a la innovaci\u00f3n, la agroindustria, econom\u00eda y la energ\u00eda\u201d y con eso: \u201cBuscamos que nos conozcan y m\u00e1s financiamiento de compa\u00f1\u00edas privadas, para abrir oportunidades que potencien nuestra provincia y generen trabajo para los correntinos\u201d.<\/p>\n\n\n\n<p>Por \u00faltimo, Vald\u00e9s remarc\u00f3 que \u201cdurante la jornada, tambi\u00e9n acompa\u00f1amos la disertaci\u00f3n del ministro de Econom\u00eda, Luis Caputo, y nos reunimos con Manuel Adorni, con el prop\u00f3sito de visibilizar las oportunidades de crecimiento y expansi\u00f3n de nuestras econom\u00edas locales\u201d.<\/p>\n","protected":false},"excerpt":{"rendered":"<p>El gobernador Juan Pablo Vald\u00e9s en la continuidad de esta tercera jornada de la Argentina Week que se realiza en Nueva York, se reuni\u00f3 este mi\u00e9rcoles en el Bank of&hellip; <\/p>\n","protected":false},"author":4,"featured_media":249011,"comment_status":"closed","ping_status":"open","sticky":false,"template":"","format":"standard","meta":{"footnotes":""},"categories":[8],"tags":[],"class_list":["post-249010","post","type-post","status-publish","format-standard","has-post-thumbnail","hentry","category-locales"],"_links":{"self":[{"href":"https:\/\/corrientesdetarde.com\/index.php\/wp-json\/wp\/v2\/posts\/249010","targetHints":{"allow":["GET"]}}],"collection":[{"href":"https:\/\/corrientesdetarde.com\/index.php\/wp-json\/wp\/v2\/posts"}],"about":[{"href":"https:\/\/corrientesdetarde.com\/index.php\/wp-json\/wp\/v2\/types\/post"}],"author":[{"embeddable":true,"href":"https:\/\/corrientesdetarde.com\/index.php\/wp-json\/wp\/v2\/users\/4"}],"replies":[{"embeddable":true,"href":"https:\/\/corrientesdetarde.com\/index.php\/wp-json\/wp\/v2\/comments?post=249010"}],"version-history":[{"count":1,"href":"https:\/\/corrientesdetarde.com\/index.php\/wp-json\/wp\/v2\/posts\/249010\/revisions"}],"predecessor-version":[{"id":249012,"href":"https:\/\/corrientesdetarde.com\/index.php\/wp-json\/wp\/v2\/posts\/249010\/revisions\/249012"}],"wp:featuredmedia":[{"embeddable":true,"href":"https:\/\/corrientesdetarde.com\/index.php\/wp-json\/wp\/v2\/media\/249011"}],"wp:attachment":[{"href":"https:\/\/corrientesdetarde.com\/index.php\/wp-json\/wp\/v2\/media?parent=249010"}],"wp:term":[{"taxonomy":"category","embeddable":true,"href":"https:\/\/corrientesdetarde.com\/index.php\/wp-json\/wp\/v2\/categories?post=249010"},{"taxonomy":"post_tag","embeddable":true,"href":"https:\/\/corrientesdetarde.com\/index.php\/wp-json\/wp\/v2\/tags?post=249010"}],"curies":[{"name":"wp","href":"https:\/\/api.w.org\/{rel}","templated":true}]}}