{"id":249020,"date":"2026-03-12T09:25:53","date_gmt":"2026-03-12T12:25:53","guid":{"rendered":"https:\/\/corrientesdetarde.com\/?p=249020"},"modified":"2026-03-12T09:26:37","modified_gmt":"2026-03-12T12:26:37","slug":"salvaron-a-una-joven-que-intento-arrojarse-desde-el-puente-chaco-corrientes","status":"publish","type":"post","link":"https:\/\/corrientesdetarde.com\/index.php\/actualidad\/salvaron-a-una-joven-que-intento-arrojarse-desde-el-puente-chaco-corrientes\/","title":{"rendered":"Salvaron a una joven que intent\u00f3 arrojarse desde el puente Chaco-Corrientes"},"content":{"rendered":"\n<p>Ocurri\u00f3 en horas de la madrugada de este mi\u00e9rcoles.<\/p>\n\n\n\n<p>Una joven de 17 a\u00f1os fue rescatada durante la madrugada de este mi\u00e9rcoles tras un operativo conjunto entre fuerzas de seguridad y el sistema de monitoreo vial. La menor, que se encontraba en una crisis emocional, fue interceptada por efectivos de Gendarmer\u00eda Nacional antes de que lograra atentar contra su integridad f\u00edsica en el viaducto que une Chaco y Corrientes.<\/p>\n\n\n\n<p>El incidente ocurri\u00f3 aproximadamente a las 3:40 horas a la altura del kil\u00f3metro 0,1 del puente interprovincial. La alerta se activ\u00f3 gracias a los operadores de la empresa SISE Argentina, quienes detectaron a trav\u00e9s de las c\u00e1maras de seguridad que la joven presentaba actitudes que suger\u00edan la intenci\u00f3n de arrojarse a las aguas del R\u00edo Paran\u00e1.<\/p>\n\n\n\n<p>Al llegar al lugar, el personal de guardia de Gendarmer\u00eda inici\u00f3 las maniobras de persuasi\u00f3n. Tras lograr que la adolescente desistiera de su actitud, los efectivos aseguraron su integridad f\u00edsica y brindaron la contenci\u00f3n inicial.<\/p>\n\n\n\n<p>&#8220;La r\u00e1pida detecci\u00f3n mediante el sistema de c\u00e1maras fue clave para que el personal de fuerza federal pudiera intervenir a tiempo&#8221;, se\u00f1alaron fuentes vinculadas al operativo.<\/p>\n\n\n\n<p>Una vez estabilizada la situaci\u00f3n, la menor fue puesta a resguardo y trasladada por personal de la Comisar\u00eda 1ra. de la Ciudad de Corrientes, donde se dio inicio a los protocolos de asistencia y contacto con sus familiares.<\/p>\n","protected":false},"excerpt":{"rendered":"<p>Ocurri\u00f3 en horas de la madrugada de este mi\u00e9rcoles. Una joven de 17 a\u00f1os fue rescatada durante la madrugada de este mi\u00e9rcoles tras un operativo conjunto entre fuerzas de seguridad&hellip; <\/p>\n","protected":false},"author":4,"featured_media":249038,"comment_status":"closed","ping_status":"open","sticky":false,"template":"","format":"standard","meta":{"footnotes":""},"categories":[23,33],"tags":[],"class_list":["post-249020","post","type-post","status-publish","format-standard","has-post-thumbnail","hentry","category-actualidad","category-policiales"],"_links":{"self":[{"href":"https:\/\/corrientesdetarde.com\/index.php\/wp-json\/wp\/v2\/posts\/249020","targetHints":{"allow":["GET"]}}],"collection":[{"href":"https:\/\/corrientesdetarde.com\/index.php\/wp-json\/wp\/v2\/posts"}],"about":[{"href":"https:\/\/corrientesdetarde.com\/index.php\/wp-json\/wp\/v2\/types\/post"}],"author":[{"embeddable":true,"href":"https:\/\/corrientesdetarde.com\/index.php\/wp-json\/wp\/v2\/users\/4"}],"replies":[{"embeddable":true,"href":"https:\/\/corrientesdetarde.com\/index.php\/wp-json\/wp\/v2\/comments?post=249020"}],"version-history":[{"count":1,"href":"https:\/\/corrientesdetarde.com\/index.php\/wp-json\/wp\/v2\/posts\/249020\/revisions"}],"predecessor-version":[{"id":249039,"href":"https:\/\/corrientesdetarde.com\/index.php\/wp-json\/wp\/v2\/posts\/249020\/revisions\/249039"}],"wp:featuredmedia":[{"embeddable":true,"href":"https:\/\/corrientesdetarde.com\/index.php\/wp-json\/wp\/v2\/media\/249038"}],"wp:attachment":[{"href":"https:\/\/corrientesdetarde.com\/index.php\/wp-json\/wp\/v2\/media?parent=249020"}],"wp:term":[{"taxonomy":"category","embeddable":true,"href":"https:\/\/corrientesdetarde.com\/index.php\/wp-json\/wp\/v2\/categories?post=249020"},{"taxonomy":"post_tag","embeddable":true,"href":"https:\/\/corrientesdetarde.com\/index.php\/wp-json\/wp\/v2\/tags?post=249020"}],"curies":[{"name":"wp","href":"https:\/\/api.w.org\/{rel}","templated":true}]}}