{"id":249021,"date":"2026-03-12T08:42:13","date_gmt":"2026-03-12T11:42:13","guid":{"rendered":"https:\/\/corrientesdetarde.com\/?p=249021"},"modified":"2026-03-12T08:42:18","modified_gmt":"2026-03-12T11:42:18","slug":"ate-anuncio-un-paro-que-afectara-vuelos-durante-el-fin-de-semana-largo","status":"publish","type":"post","link":"https:\/\/corrientesdetarde.com\/index.php\/nacionales\/ate-anuncio-un-paro-que-afectara-vuelos-durante-el-fin-de-semana-largo\/","title":{"rendered":"ATE anunci\u00f3 un paro que afectar\u00e1 vuelos durante el fin de semana largo"},"content":{"rendered":"\n<p>La medida fue convocada en reclamo por aumentos salariales acordados pero a\u00fan no pagados. Se realizar\u00e1 entre el 18 y el 24 de marzo y afectar\u00e1 vuelos en franjas horarias espec\u00edficas en todo el pa\u00eds.<\/p>\n\n\n\n<p>Los trabajadores de la Administraci\u00f3n Nacional de Aviaci\u00f3n Civil (ANAC) realizar\u00e1n un paro entre el 18 y el 24 de marzo que afectar\u00e1 vuelos aerocomerciales en todo el pa\u00eds durante franjas horarias determinadas, en reclamo por aumentos salariales acordados que a\u00fan no fueron pagados, seg\u00fan denunciaron este mi\u00e9rcoles desde el gremio ATE.<\/p>\n\n\n\n<p>La medida fue anunciada por ATE ANAC y tendr\u00e1 impacto en todos los aeropuertos del pa\u00eds, especialmente durante el fin de semana largo, cuando suele incrementarse el movimiento de pasajeros.<\/p>\n\n\n\n<p>Seg\u00fan detallaron desde el sindicato, las operaciones se ver\u00e1n afectadas en dos franjas horarias: de 9 a 12 y de 16 a 20. Durante esos per\u00edodos solo se garantizar\u00e1n vuelos humanitarios, sanitarios y oficiales.<\/p>\n\n\n\n<p>Los fundamentos del paro<\/p>\n\n\n\n<p>La secretaria general adjunta de ATE Nacional, Mercedes Cabezas, denunci\u00f3 que el conflicto se origin\u00f3 por incumplimientos en acuerdos salariales previamente alcanzados con las autoridades del organismo.<\/p>\n\n\n\n<p>&#8220;El paro siempre es la \u00faltima herramienta que tenemos porque no queremos afectar a los usuarios, pero nos vienen mintiendo en la cara. Tuvimos una reuni\u00f3n con las autoridades a principios del mes pasado y acordaron pagar el aumento pactado. Sin embargo, nuevamente no ocurri\u00f3. La situaci\u00f3n ya es insostenible&#8221;, afirm\u00f3 a la agencia NA.<\/p>\n\n\n\n<p>Desde el gremio explicaron adem\u00e1s que la decisi\u00f3n de realizar la medida de fuerza fue tomada en asambleas de trabajadores del sector.<\/p>\n\n\n\n<p>&#8220;La medida de fuerza fue definida en asambleas y de manera conjunta. Exigimos adem\u00e1s que las autoridades informen con anticipaci\u00f3n a los usuarios para minimizar el impacto en los pasajeros. Pero la situaci\u00f3n ya es insostenible&#8221;, concluy\u00f3 Cabezas.<\/p>\n","protected":false},"excerpt":{"rendered":"<p>La medida fue convocada en reclamo por aumentos salariales acordados pero a\u00fan no pagados. Se realizar\u00e1 entre el 18 y el 24 de marzo y afectar\u00e1 vuelos en franjas horarias&hellip; <\/p>\n","protected":false},"author":4,"featured_media":249028,"comment_status":"closed","ping_status":"open","sticky":false,"template":"","format":"standard","meta":{"footnotes":""},"categories":[10],"tags":[],"class_list":["post-249021","post","type-post","status-publish","format-standard","has-post-thumbnail","hentry","category-nacionales"],"_links":{"self":[{"href":"https:\/\/corrientesdetarde.com\/index.php\/wp-json\/wp\/v2\/posts\/249021","targetHints":{"allow":["GET"]}}],"collection":[{"href":"https:\/\/corrientesdetarde.com\/index.php\/wp-json\/wp\/v2\/posts"}],"about":[{"href":"https:\/\/corrientesdetarde.com\/index.php\/wp-json\/wp\/v2\/types\/post"}],"author":[{"embeddable":true,"href":"https:\/\/corrientesdetarde.com\/index.php\/wp-json\/wp\/v2\/users\/4"}],"replies":[{"embeddable":true,"href":"https:\/\/corrientesdetarde.com\/index.php\/wp-json\/wp\/v2\/comments?post=249021"}],"version-history":[{"count":1,"href":"https:\/\/corrientesdetarde.com\/index.php\/wp-json\/wp\/v2\/posts\/249021\/revisions"}],"predecessor-version":[{"id":249029,"href":"https:\/\/corrientesdetarde.com\/index.php\/wp-json\/wp\/v2\/posts\/249021\/revisions\/249029"}],"wp:featuredmedia":[{"embeddable":true,"href":"https:\/\/corrientesdetarde.com\/index.php\/wp-json\/wp\/v2\/media\/249028"}],"wp:attachment":[{"href":"https:\/\/corrientesdetarde.com\/index.php\/wp-json\/wp\/v2\/media?parent=249021"}],"wp:term":[{"taxonomy":"category","embeddable":true,"href":"https:\/\/corrientesdetarde.com\/index.php\/wp-json\/wp\/v2\/categories?post=249021"},{"taxonomy":"post_tag","embeddable":true,"href":"https:\/\/corrientesdetarde.com\/index.php\/wp-json\/wp\/v2\/tags?post=249021"}],"curies":[{"name":"wp","href":"https:\/\/api.w.org\/{rel}","templated":true}]}}