{"id":249022,"date":"2026-03-12T08:39:39","date_gmt":"2026-03-12T11:39:39","guid":{"rendered":"https:\/\/corrientesdetarde.com\/?p=249022"},"modified":"2026-03-12T08:39:50","modified_gmt":"2026-03-12T11:39:50","slug":"senadores-cobraran-mas-de-11-millones-tras-un-nuevo-acuerdo-salarial","status":"publish","type":"post","link":"https:\/\/corrientesdetarde.com\/index.php\/nacionales\/senadores-cobraran-mas-de-11-millones-tras-un-nuevo-acuerdo-salarial\/","title":{"rendered":"Senadores cobrar\u00e1n m\u00e1s de $11 millones tras un nuevo acuerdo salarial"},"content":{"rendered":"\n<p>La paritaria de los trabajadores legislativos fij\u00f3 un aumento acumulado del 9,4% hasta mayo, lo que impactar\u00e1 directamente en las dietas de la C\u00e1mara Alta, que est\u00e1n atadas al valor de los m\u00f3dulos salariales.<\/p>\n\n\n\n<p>Las autoridades del Congreso de la Naci\u00f3n Argentina habilitaron un incremento salarial cercano al 10% para los trabajadores legislativos, lo que impactar\u00e1 directamente en los haberes de los senadores nacionales, que podr\u00edan superar los $11 millones brutos en los pr\u00f3ximos meses.<\/p>\n\n\n\n<p>El aumento surge del acuerdo paritario firmado entre representantes administrativos del Congreso y el secretario general de la Asociaci\u00f3n del Personal Legislativo, que estableci\u00f3 una suba acumulada del 9,4% entre diciembre de 2025 y mayo de 2026. La actualizaci\u00f3n se distribuye en distintos tramos: un 2% retroactivo a diciembre, 2,2% desde enero, 2% en febrero, 1,7% en marzo y 1,5% a partir de abril.<\/p>\n\n\n\n<p>Este incremento repercute directamente en la dieta de los integrantes del Senado de la Naci\u00f3n Argentina, ya que sus ingresos est\u00e1n vinculados al valor de los m\u00f3dulos salariales que perciben los empleados legislativos. Actualmente los senadores cobran alrededor de $10,2 millones brutos, cifra compuesta por 2.500 m\u00f3dulos de sueldo, m\u00e1s 1.000 m\u00f3dulos por gastos de representaci\u00f3n y 500 por desarraigo, totalizando 4.000 m\u00f3dulos, cuyo valor se actualizar\u00e1 con la nueva paritaria.<\/p>\n\n\n\n<p>No todos los legisladores perciben el adicional por desarraigo. Entre quienes no lo cobran se encuentran Patricia Bullrich, Agust\u00edn Monteverde y Mariano Recalde, representantes de la Ciudad de Buenos Aires, adem\u00e1s de Alicia Kirchner, quien opt\u00f3 por mantener su jubilaci\u00f3n como exgobernadora.<\/p>\n\n\n\n<p>En contraste, en la C\u00e1mara de Diputados de la Naci\u00f3n Argentina las dietas no est\u00e1n vinculadas a las paritarias del personal. All\u00ed los legisladores perciben alrededor de $6 millones brutos, m\u00e1s un adicional por gastos de representaci\u00f3n, lo que mantiene una marcada diferencia salarial con los senadores y genera reclamos internos por la falta de un criterio uniforme en la actualizaci\u00f3n de los haberes.<\/p>\n","protected":false},"excerpt":{"rendered":"<p>La paritaria de los trabajadores legislativos fij\u00f3 un aumento acumulado del 9,4% hasta mayo, lo que impactar\u00e1 directamente en las dietas de la C\u00e1mara Alta, que est\u00e1n atadas al valor&hellip; <\/p>\n","protected":false},"author":4,"featured_media":249026,"comment_status":"closed","ping_status":"open","sticky":false,"template":"","format":"standard","meta":{"footnotes":""},"categories":[10],"tags":[],"class_list":["post-249022","post","type-post","status-publish","format-standard","has-post-thumbnail","hentry","category-nacionales"],"_links":{"self":[{"href":"https:\/\/corrientesdetarde.com\/index.php\/wp-json\/wp\/v2\/posts\/249022","targetHints":{"allow":["GET"]}}],"collection":[{"href":"https:\/\/corrientesdetarde.com\/index.php\/wp-json\/wp\/v2\/posts"}],"about":[{"href":"https:\/\/corrientesdetarde.com\/index.php\/wp-json\/wp\/v2\/types\/post"}],"author":[{"embeddable":true,"href":"https:\/\/corrientesdetarde.com\/index.php\/wp-json\/wp\/v2\/users\/4"}],"replies":[{"embeddable":true,"href":"https:\/\/corrientesdetarde.com\/index.php\/wp-json\/wp\/v2\/comments?post=249022"}],"version-history":[{"count":1,"href":"https:\/\/corrientesdetarde.com\/index.php\/wp-json\/wp\/v2\/posts\/249022\/revisions"}],"predecessor-version":[{"id":249027,"href":"https:\/\/corrientesdetarde.com\/index.php\/wp-json\/wp\/v2\/posts\/249022\/revisions\/249027"}],"wp:featuredmedia":[{"embeddable":true,"href":"https:\/\/corrientesdetarde.com\/index.php\/wp-json\/wp\/v2\/media\/249026"}],"wp:attachment":[{"href":"https:\/\/corrientesdetarde.com\/index.php\/wp-json\/wp\/v2\/media?parent=249022"}],"wp:term":[{"taxonomy":"category","embeddable":true,"href":"https:\/\/corrientesdetarde.com\/index.php\/wp-json\/wp\/v2\/categories?post=249022"},{"taxonomy":"post_tag","embeddable":true,"href":"https:\/\/corrientesdetarde.com\/index.php\/wp-json\/wp\/v2\/tags?post=249022"}],"curies":[{"name":"wp","href":"https:\/\/api.w.org\/{rel}","templated":true}]}}