{"id":249037,"date":"2026-03-12T10:06:48","date_gmt":"2026-03-12T13:06:48","guid":{"rendered":"https:\/\/corrientesdetarde.com\/?p=249037"},"modified":"2026-03-12T10:07:00","modified_gmt":"2026-03-12T13:07:00","slug":"el-ciclo-mujeres-de-ciencias-medicas-que-inspiran-destaco-el-liderazgo-femenino-en-la-salud-y-la-investigacion","status":"publish","type":"post","link":"https:\/\/corrientesdetarde.com\/index.php\/actualidad\/el-ciclo-mujeres-de-ciencias-medicas-que-inspiran-destaco-el-liderazgo-femenino-en-la-salud-y-la-investigacion\/","title":{"rendered":"El ciclo \u201cMujeres de Ciencias M\u00e9dicas que Inspiran\u201d destac\u00f3 el liderazgo femenino en la salud y la investigaci\u00f3n"},"content":{"rendered":"\n<p>Con la presencia del vicegobernador Pedro Braillard Poccard, cuatro profesionales vinculadas a la investigaci\u00f3n, la oncolog\u00eda y el acompa\u00f1amiento a pacientes compartieron sus trayectorias en una jornada que puso en valor el aporte de las mujeres en la ciencia y la medicina.<\/p>\n\n\n\n<figure class=\"wp-block-image size-large\"><img loading=\"lazy\" decoding=\"async\" width=\"1024\" height=\"682\" src=\"https:\/\/corrientesdetarde.com\/wp-content\/uploads\/2026\/03\/image-304-1024x682.png\" alt=\"\" class=\"wp-image-249043\" srcset=\"https:\/\/corrientesdetarde.com\/wp-content\/uploads\/2026\/03\/image-304-1024x682.png 1024w, https:\/\/corrientesdetarde.com\/wp-content\/uploads\/2026\/03\/image-304-300x200.png 300w, https:\/\/corrientesdetarde.com\/wp-content\/uploads\/2026\/03\/image-304-768x511.png 768w, https:\/\/corrientesdetarde.com\/wp-content\/uploads\/2026\/03\/image-304.png 1143w\" sizes=\"auto, (max-width: 1024px) 100vw, 1024px\" \/><\/figure>\n\n\n\n<p>El encuentro se realiz\u00f3 en el Recinto de Sesiones en el marco del ciclo \u201cMujeres de Ciencias M\u00e9dicas que Inspiran\u201d, una iniciativa organizada por la Vicegobernaci\u00f3n y coordinada por la profesora Silvia Pozo, destinada a visibilizar trayectorias de vocaci\u00f3n, compromiso y superaci\u00f3n en el \u00e1mbito de la salud.<\/p>\n\n\n\n<p>Tambi\u00e9n participaron autoridades y referentes del sistema sanitario, entre ellos la diputada Albana Rotela, la concejal Melisa Mecca y el director del Hospital Oncol\u00f3gico de Corrientes \u201cPapa Francisco\u201d, Jorge Ra\u00fal Zimerman.<\/p>\n\n\n\n<p>Durante su intervenci\u00f3n, el Vicegobernador destac\u00f3 que este es el cuarto a\u00f1o consecutivo del ciclo y se\u00f1al\u00f3 la importancia de reconocer a profesionales que realizan aportes fundamentales a la sociedad, muchas veces de manera silenciosa. Adem\u00e1s, remarc\u00f3 la dimensi\u00f3n humana del trabajo m\u00e9dico, especialmente en \u00e1reas complejas como la oncolog\u00eda, donde la pasi\u00f3n, el compromiso y la disciplina marcan la diferencia.<\/p>\n\n\n\n<p>En la jornada expusieron cuatro profesionales que compartieron sus experiencias en la investigaci\u00f3n, el tratamiento y el acompa\u00f1amiento de pacientes oncol\u00f3gicos.<\/p>\n\n\n\n<figure class=\"wp-block-image size-large\"><img loading=\"lazy\" decoding=\"async\" width=\"1024\" height=\"680\" src=\"https:\/\/corrientesdetarde.com\/wp-content\/uploads\/2026\/03\/image-305-1024x680.png\" alt=\"\" class=\"wp-image-249044\" srcset=\"https:\/\/corrientesdetarde.com\/wp-content\/uploads\/2026\/03\/image-305-1024x680.png 1024w, https:\/\/corrientesdetarde.com\/wp-content\/uploads\/2026\/03\/image-305-300x199.png 300w, https:\/\/corrientesdetarde.com\/wp-content\/uploads\/2026\/03\/image-305-768x510.png 768w, https:\/\/corrientesdetarde.com\/wp-content\/uploads\/2026\/03\/image-305.png 1145w\" sizes=\"auto, (max-width: 1024px) 100vw, 1024px\" \/><\/figure>\n\n\n\n<p>La bioqu\u00edmica Mar\u00eda Carla Zimmermann, investigadora de la Facultad de Medicina de la UNNE y directora del Laboratorio de Medicina Gen\u00f3mica, trabaja en gen\u00e9tica y biolog\u00eda molecular aplicadas al diagn\u00f3stico del c\u00e1ncer y la detecci\u00f3n de riesgos hereditarios. Durante su exposici\u00f3n record\u00f3 los inicios de su carrera y las dificultades de desarrollar proyectos cient\u00edficos en el pa\u00eds, destacando la importancia de acercar la gen\u00e9tica a la pr\u00e1ctica cl\u00ednica para lograr diagn\u00f3sticos m\u00e1s precisos.<\/p>\n\n\n\n<p>La m\u00e9dica onc\u00f3loga Natalia Carolina Ayala, jefa del Departamento de Oncolog\u00eda del Instituto Oncol\u00f3gico de Corrientes y docente de la UNNE, habl\u00f3 sobre su trayectoria y el desaf\u00edo de trabajar con pacientes con c\u00e1ncer. Se\u00f1al\u00f3 que gran parte de su labor se centra en la salud de la mujer, especialmente en el c\u00e1ncer de mama, y remarc\u00f3 la importancia de una atenci\u00f3n integral.<\/p>\n\n\n\n<p>El aspecto emocional del tratamiento fue abordado por la licenciada en psicolog\u00eda Mar\u00eda Lis Zanin, jefa del Servicio de Salud Mental del Instituto Oncol\u00f3gico de Corrientes y especialista en psicooncolog\u00eda. Explic\u00f3 que su trabajo consiste en acompa\u00f1ar al paciente y a su familia durante todo el proceso de la enfermedad, brindando apoyo emocional y ayudando a afrontar el tratamiento con equilibrio.<\/p>\n\n\n\n<p>Finalmente, la joven m\u00e9dica investigadora Sof\u00eda Perrin Turenne relat\u00f3 su experiencia en investigaci\u00f3n sobre c\u00e1ncer ginecol\u00f3gico. Junto a la investigadora Anal\u00ed Daniela Spesot estudia biomarcadores relacionados con la agresividad del c\u00e1ncer de cuello uterino. Con 24 a\u00f1os, destac\u00f3 el rol de la universidad p\u00fablica y el acompa\u00f1amiento de docentes e investigadoras en su formaci\u00f3n.<\/p>\n\n\n\n<p>La jornada concluy\u00f3 con un reconocimiento a las expositoras y con el mensaje de que la ciencia y la medicina tambi\u00e9n se construyen desde la vocaci\u00f3n, la sensibilidad y el compromiso social.<\/p>\n","protected":false},"excerpt":{"rendered":"<p>Con la presencia del vicegobernador Pedro Braillard Poccard, cuatro profesionales vinculadas a la investigaci\u00f3n, la oncolog\u00eda y el acompa\u00f1amiento a pacientes compartieron sus trayectorias en una jornada que puso en&hellip; <\/p>\n","protected":false},"author":4,"featured_media":249042,"comment_status":"closed","ping_status":"open","sticky":false,"template":"","format":"standard","meta":{"footnotes":""},"categories":[23],"tags":[],"class_list":["post-249037","post","type-post","status-publish","format-standard","has-post-thumbnail","hentry","category-actualidad"],"_links":{"self":[{"href":"https:\/\/corrientesdetarde.com\/index.php\/wp-json\/wp\/v2\/posts\/249037","targetHints":{"allow":["GET"]}}],"collection":[{"href":"https:\/\/corrientesdetarde.com\/index.php\/wp-json\/wp\/v2\/posts"}],"about":[{"href":"https:\/\/corrientesdetarde.com\/index.php\/wp-json\/wp\/v2\/types\/post"}],"author":[{"embeddable":true,"href":"https:\/\/corrientesdetarde.com\/index.php\/wp-json\/wp\/v2\/users\/4"}],"replies":[{"embeddable":true,"href":"https:\/\/corrientesdetarde.com\/index.php\/wp-json\/wp\/v2\/comments?post=249037"}],"version-history":[{"count":1,"href":"https:\/\/corrientesdetarde.com\/index.php\/wp-json\/wp\/v2\/posts\/249037\/revisions"}],"predecessor-version":[{"id":249047,"href":"https:\/\/corrientesdetarde.com\/index.php\/wp-json\/wp\/v2\/posts\/249037\/revisions\/249047"}],"wp:featuredmedia":[{"embeddable":true,"href":"https:\/\/corrientesdetarde.com\/index.php\/wp-json\/wp\/v2\/media\/249042"}],"wp:attachment":[{"href":"https:\/\/corrientesdetarde.com\/index.php\/wp-json\/wp\/v2\/media?parent=249037"}],"wp:term":[{"taxonomy":"category","embeddable":true,"href":"https:\/\/corrientesdetarde.com\/index.php\/wp-json\/wp\/v2\/categories?post=249037"},{"taxonomy":"post_tag","embeddable":true,"href":"https:\/\/corrientesdetarde.com\/index.php\/wp-json\/wp\/v2\/tags?post=249037"}],"curies":[{"name":"wp","href":"https:\/\/api.w.org\/{rel}","templated":true}]}}