{"id":249052,"date":"2026-03-12T10:38:32","date_gmt":"2026-03-12T13:38:32","guid":{"rendered":"https:\/\/corrientesdetarde.com\/?p=249052"},"modified":"2026-03-12T10:38:38","modified_gmt":"2026-03-12T13:38:38","slug":"detuvieron-a-experto-ladron-de-motos-y-recuperan-vehiculo","status":"publish","type":"post","link":"https:\/\/corrientesdetarde.com\/index.php\/policiales\/detuvieron-a-experto-ladron-de-motos-y-recuperan-vehiculo\/","title":{"rendered":"Detuvieron a &#8220;experto&#8221; ladr\u00f3n de motos y recuperan veh\u00edculo"},"content":{"rendered":"\n<p>Es un joven apresado numerosas ocasiones por distintos delitos en los \u00faltimos a\u00f1os. Le atribuyen la autor\u00eda de al menos una decena de sustracci\u00f3n de veh\u00edculos.<\/p>\n\n\n\n<p>Un joven volvi\u00f3 a ser detenido en la ciudad de Corrientes por el robo de una motocicleta. Se trata de un ladr\u00f3n a quien atribuyen la sustracci\u00f3n de al menos una decena de veh\u00edculos en los \u00faltimos a\u00f1os y es tildado como un &#8220;experto&#8221; en esa clase de il\u00edcitos.<\/p>\n\n\n\n<p>Mat\u00edas C., de 23 a\u00f1os, alias &#8220;Matute&#8221; o &#8220;Cascotito&#8221;, no pudo evitar a una patrulla con efectivos de la comisar\u00eda seccional Decimotercera cuando lo sorprendieron manejando una Zanella ZB 110, denunciada como robada, 12 horas antes.<\/p>\n\n\n\n<p>En una persecuci\u00f3n por las calles del barrio Pirayu\u00ed lograron darle alcance cuando entr\u00f3 a un pasillo sin salida.<\/p>\n\n\n\n<p>Los polic\u00edas protagonistas del procedimiento recuperaron as\u00ed a la moto que el audaz delincuente sac\u00f3 del interior de una vivienda de calle S\u00e1nchez de Bustamante, en el barrio Fray Jos\u00e9 de la Quintana.<\/p>\n\n\n\n<p>El martes, a plena madrugada, el ladr\u00f3n accedi\u00f3 a la propiedad privada y se esfum\u00f3 como por arte de magia sobre el rodado. No es la primera vez que &#8220;Cascotito&#8221; act\u00faa de esta forma.<\/p>\n\n\n\n<p>Im\u00e1genes de registros f\u00edlmicos publicados por diario \u00e9poca en notas anteriores demostraron la habilidad del joven para lograr su meta de apoderarse de motos, especialmente en horario nocturno, sin llamar la atenci\u00f3n de los moradores.<\/p>\n\n\n\n<p>En el reciente operativo la Polic\u00eda hall\u00f3 la Zanella ZB que el delincuente, al parecer, trasladaba de un escondite a otro sitio.<\/p>\n\n\n\n<p>La persecuci\u00f3n inici\u00f3 a eso de las 15 del mismo martes en calle Rafael Barrios y culmin\u00f3 en el pasillo cercano a la esquina entre las calles Romero y Toledo.<\/p>\n\n\n\n<p>Luego de arrojar la moto al suelo &#8220;Cascotito&#8221; corri\u00f3 hasta ingresar a un camino estrecho del cual no tuvo m\u00e1s escapatoria.<\/p>\n\n\n\n<p>El joven no opuso resistencia, tal vez por las heridas que presenta en el brazo izquierdo a la altura de la mu\u00f1eca: un corte profundo sufrido, seg\u00fan habr\u00eda referido, al mantener una ri\u00f1a en el interior del asentamiento del barrio Doctor Monta\u00f1a el fin de semana.<\/p>\n\n\n\n<p>El a\u00f1o pasado, Mat\u00edas fue protagonista de una situaci\u00f3n tan llamativa como alarmante. El 9 de julio sustrajo un veh\u00edculo del patio de una casa del barrio Quintana; una semana despu\u00e9s result\u00f3 capturado en un gran trabajo de la Polic\u00eda, pero el mi\u00e9rcoles 6 de agosto sali\u00f3 en libertad.<\/p>\n\n\n\n<p>No hab\u00edan pasado siquiera 24 horas cuando, el jueves 7 a la madrugada, fue autor del robo de otra motocicleta, esta vez al ingresar a un domicilio en el barrio Ciudades Correntinas.<\/p>\n\n\n\n<p>El historial delictivo de &#8220;Cascotito&#8221; se remonta a cuando era menor de edad e incurr\u00eda en hurtos.<\/p>\n\n\n\n<p>Con el paso de los a\u00f1os, siendo adolescente, comenz\u00f3 a protagonizar hechos concretos de robos con da\u00f1os sobre los objetos, hasta volcarse de lleno a &#8220;levantar&#8221; motos.<\/p>\n\n\n\n<p>La presunci\u00f3n es que el joven ladr\u00f3n entregar\u00eda los rodados a otras personas para reducirlos o venderlos.<\/p>\n","protected":false},"excerpt":{"rendered":"<p>Es un joven apresado numerosas ocasiones por distintos delitos en los \u00faltimos a\u00f1os. Le atribuyen la autor\u00eda de al menos una decena de sustracci\u00f3n de veh\u00edculos. Un joven volvi\u00f3 a&hellip; <\/p>\n","protected":false},"author":4,"featured_media":249053,"comment_status":"closed","ping_status":"open","sticky":false,"template":"","format":"standard","meta":{"footnotes":""},"categories":[33],"tags":[],"class_list":["post-249052","post","type-post","status-publish","format-standard","has-post-thumbnail","hentry","category-policiales"],"_links":{"self":[{"href":"https:\/\/corrientesdetarde.com\/index.php\/wp-json\/wp\/v2\/posts\/249052","targetHints":{"allow":["GET"]}}],"collection":[{"href":"https:\/\/corrientesdetarde.com\/index.php\/wp-json\/wp\/v2\/posts"}],"about":[{"href":"https:\/\/corrientesdetarde.com\/index.php\/wp-json\/wp\/v2\/types\/post"}],"author":[{"embeddable":true,"href":"https:\/\/corrientesdetarde.com\/index.php\/wp-json\/wp\/v2\/users\/4"}],"replies":[{"embeddable":true,"href":"https:\/\/corrientesdetarde.com\/index.php\/wp-json\/wp\/v2\/comments?post=249052"}],"version-history":[{"count":1,"href":"https:\/\/corrientesdetarde.com\/index.php\/wp-json\/wp\/v2\/posts\/249052\/revisions"}],"predecessor-version":[{"id":249054,"href":"https:\/\/corrientesdetarde.com\/index.php\/wp-json\/wp\/v2\/posts\/249052\/revisions\/249054"}],"wp:featuredmedia":[{"embeddable":true,"href":"https:\/\/corrientesdetarde.com\/index.php\/wp-json\/wp\/v2\/media\/249053"}],"wp:attachment":[{"href":"https:\/\/corrientesdetarde.com\/index.php\/wp-json\/wp\/v2\/media?parent=249052"}],"wp:term":[{"taxonomy":"category","embeddable":true,"href":"https:\/\/corrientesdetarde.com\/index.php\/wp-json\/wp\/v2\/categories?post=249052"},{"taxonomy":"post_tag","embeddable":true,"href":"https:\/\/corrientesdetarde.com\/index.php\/wp-json\/wp\/v2\/tags?post=249052"}],"curies":[{"name":"wp","href":"https:\/\/api.w.org\/{rel}","templated":true}]}}