{"id":249066,"date":"2026-03-12T12:39:36","date_gmt":"2026-03-12T15:39:36","guid":{"rendered":"https:\/\/corrientesdetarde.com\/?p=249066"},"modified":"2026-03-12T12:39:49","modified_gmt":"2026-03-12T15:39:49","slug":"el-concejo-deliberante-capitalino-realizo-este-jueves-su-segunda-sesion-ordinaria","status":"publish","type":"post","link":"https:\/\/corrientesdetarde.com\/index.php\/politica\/el-concejo-deliberante-capitalino-realizo-este-jueves-su-segunda-sesion-ordinaria\/","title":{"rendered":"El Concejo Deliberante capitalino realiz\u00f3 este jueves su segunda sesi\u00f3n ordinaria"},"content":{"rendered":"\n<p><\/p>\n\n\n\n<p>El Concejo Deliberante capitalino, presidido por Marcos Amarilla, realiz\u00f3 este jueves su segunda sesi\u00f3n ordinaria, con la participaci\u00f3n de los 19 ediles que integran el cuerpo deliberativo municipal.<\/p>\n\n\n\n<p>Durante el encuentro se abord\u00f3 un amplio orden del d\u00eda que incluy\u00f3 el an\u00e1lisis de diversos temas vinculados a mejoras urbanas y pol\u00edticas p\u00fablicas para la ciudad.<\/p>\n\n\n\n<p>Entre las iniciativas m\u00e1s relevantes ingres\u00f3 el proyecto de ordenanza para la creaci\u00f3n del Sistema Municipal de Actuaciones Digitales \u2013 Video Multa, destinado a la detecci\u00f3n, registro y documentaci\u00f3n de faltas municipales mediante el uso de tecnolog\u00edas de videovigilancia y medios electr\u00f3nicos. La propuesta ser\u00e1 estudiada por las comisiones de Seguridad, Obras y Legislaci\u00f3n.<\/p>\n\n\n\n<p>Asimismo, tom\u00f3 estado parlamentario y se gir\u00f3 a las comisiones de Seguridad y Legislaci\u00f3n, el proyecto de ordenanza que propone la adhesi\u00f3n a la Disposici\u00f3n Nacional 480\/2020, para la promoci\u00f3n de la micromovilidad sustentable e inclusiva, con el objetivo de adherir al marco regulatorio establecido por la Agencia Nacional de Seguridad Vial en lo relativo a la circulaci\u00f3n de veh\u00edculos de movilidad personal (monopatines el\u00e9ctricos, bicicletas y motos convencionales y el\u00e9ctricos, y triciclos).<\/p>\n\n\n\n<p>En el marco de la sesi\u00f3n, tambi\u00e9n se aprobaron diversos proyectos de comunicaci\u00f3n presentados por los concejales, orientados a mejorar la infraestructura y los servicios en distintos sectores de la ciudad. Entre ellos se destacan solicitudes para la colocaci\u00f3n de garitas de colectivos sobre avenida Armenia, la limpieza y erradicaci\u00f3n de basurales y de desag\u00fces pluviales a cielo abierto en distintos barrios capitalinos, as\u00ed como trabajos de arreglo, enripiado y nivelaci\u00f3n de calles, entre otras intervenciones urbanas.<\/p>\n\n\n\n<p><\/p>\n","protected":false},"excerpt":{"rendered":"<p>El Concejo Deliberante capitalino, presidido por Marcos Amarilla, realiz\u00f3 este jueves su segunda sesi\u00f3n ordinaria, con la participaci\u00f3n de los 19 ediles que integran el cuerpo deliberativo municipal. Durante el&hellip; <\/p>\n","protected":false},"author":8,"featured_media":249067,"comment_status":"closed","ping_status":"open","sticky":false,"template":"","format":"standard","meta":{"footnotes":""},"categories":[3],"tags":[],"class_list":["post-249066","post","type-post","status-publish","format-standard","has-post-thumbnail","hentry","category-politica"],"_links":{"self":[{"href":"https:\/\/corrientesdetarde.com\/index.php\/wp-json\/wp\/v2\/posts\/249066","targetHints":{"allow":["GET"]}}],"collection":[{"href":"https:\/\/corrientesdetarde.com\/index.php\/wp-json\/wp\/v2\/posts"}],"about":[{"href":"https:\/\/corrientesdetarde.com\/index.php\/wp-json\/wp\/v2\/types\/post"}],"author":[{"embeddable":true,"href":"https:\/\/corrientesdetarde.com\/index.php\/wp-json\/wp\/v2\/users\/8"}],"replies":[{"embeddable":true,"href":"https:\/\/corrientesdetarde.com\/index.php\/wp-json\/wp\/v2\/comments?post=249066"}],"version-history":[{"count":1,"href":"https:\/\/corrientesdetarde.com\/index.php\/wp-json\/wp\/v2\/posts\/249066\/revisions"}],"predecessor-version":[{"id":249068,"href":"https:\/\/corrientesdetarde.com\/index.php\/wp-json\/wp\/v2\/posts\/249066\/revisions\/249068"}],"wp:featuredmedia":[{"embeddable":true,"href":"https:\/\/corrientesdetarde.com\/index.php\/wp-json\/wp\/v2\/media\/249067"}],"wp:attachment":[{"href":"https:\/\/corrientesdetarde.com\/index.php\/wp-json\/wp\/v2\/media?parent=249066"}],"wp:term":[{"taxonomy":"category","embeddable":true,"href":"https:\/\/corrientesdetarde.com\/index.php\/wp-json\/wp\/v2\/categories?post=249066"},{"taxonomy":"post_tag","embeddable":true,"href":"https:\/\/corrientesdetarde.com\/index.php\/wp-json\/wp\/v2\/tags?post=249066"}],"curies":[{"name":"wp","href":"https:\/\/api.w.org\/{rel}","templated":true}]}}