{"id":249069,"date":"2026-03-12T12:46:32","date_gmt":"2026-03-12T15:46:32","guid":{"rendered":"https:\/\/corrientesdetarde.com\/?p=249069"},"modified":"2026-03-12T12:46:42","modified_gmt":"2026-03-12T15:46:42","slug":"el-parque-tecnologico-corrientes-es-el-producto-de-un-trabajo-sostenido-entre-la-unne-y-el-gobierno-de-corrientes","status":"publish","type":"post","link":"https:\/\/corrientesdetarde.com\/index.php\/tecnologia\/el-parque-tecnologico-corrientes-es-el-producto-de-un-trabajo-sostenido-entre-la-unne-y-el-gobierno-de-corrientes\/","title":{"rendered":"El Parque Tecnol\u00f3gico Corrientes es el producto de un trabajo sostenido entre la UNNE y el Gobierno de Corrientes"},"content":{"rendered":"\n<p><a href=\"https:\/\/api.whatsapp.com\/send?text=El%20Parque%20Tecnol%C3%B3gico%20Corrientes%20fortalece%20su%20participaci%C3%B3n%20en%20innovaci%C3%B3n%20y%20expande%20la%20vinculaci%C3%B3n%20-%20https:\/\/www.republicadecorrientes.com\/70672-el-parque-tecnologico-corrientes-fortalece-su-participacion-en-innovacion-y-expande-la-vinculacion?utm_source=WhatsApp%26utm_medium=WhatsApp%26utm_campaign=WhatsApp%26utm_term=WhatsApp\" target=\"_blank\" rel=\"noreferrer noopener\"><\/a><a href=\"https:\/\/www.republicadecorrientes.com\/70672-el-parque-tecnologico-corrientes-fortalece-su-participacion-en-innovacion-y-expande-la-vinculacion#\"><\/a><a href=\"https:\/\/www.republicadecorrientes.com\/70672-el-parque-tecnologico-corrientes-fortalece-su-participacion-en-innovacion-y-expande-la-vinculacion#\"><\/a>El Parque Tecnol\u00f3gico Corrientes es el producto de un trabajo sostenido entre la UNNE y el Gobierno de Corrientes que tiene como objetivo fortalecer y ampliar el ecosistema de innovaci\u00f3n regional a fin de aumentar las posibilidades de interconexi\u00f3n y alianzas entre la universidad, organismos p\u00fablicos, emprendedores y empresas, buscando una irradiaci\u00f3n profunda en el entorno productivo, apalancado en el conocimiento y la tecnolog\u00eda de punta.<\/p>\n\n\n\n<p>La UNNE viene desarrollando en los \u00faltimos a\u00f1os un crecimiento de la vinculaci\u00f3n con socios estrat\u00e9gicos pertenecientes al Estado, empresas y emprendedores, a fin de expandir l\u00edneas de financiamiento y contribuir al crecimiento como centro de innovaci\u00f3n a escala regional y nacional.<\/p>\n\n\n\n<p>Esto sucede en funci\u00f3n de los convenios estrat\u00e9gicos de la universidad, donde se fomenta la interacci\u00f3n entre el sector privado, el acad\u00e9mico y el p\u00fablico a fin de fomentar l\u00edneas de acciones que fortalezcan el ecosistema productivo tecnol\u00f3gico.<\/p>\n\n\n\n<p>La expansi\u00f3n de acciones que est\u00e1 llevando adelante el ecosistema, ha permitido la vinculaci\u00f3n con la regi\u00f3n, pero tambi\u00e9n con empresas de otros \u00e1mbitos que buscan explorar oportunidades en la provincia de Corrientes, destacaron desde la UNNE.<\/p>\n\n\n\n<p>As\u00ed se gener\u00f3 una primera vinculaci\u00f3n en este sentido, con la firma Kelsoft de Buenos Aires, que est\u00e1 realizando una primera convocatoria y proyecta ir profundizando el v\u00ednculo.&nbsp;<\/p>\n\n\n\n<p>Kelsoft impulsa una iniciativa orientada a desarrollar operaciones vinculadas a proyectos digitales desde Corrientes. La propuesta consiste en conformar un equipo inicial de analistas que trabajar\u00e1 en proyectos de gesti\u00f3n y calidad de datos para plataformas de e-commerce de gran escala.<\/p>\n\n\n\n<p>El reclutamiento de los perfiles ser\u00e1 gestionado por COSYS, empresa del Grupo Kelsoft especializada en reclutamiento IT y gesti\u00f3n de talento para proyectos tecnol\u00f3gicos. La Subsecretar\u00eda de Sistemas y Tecnolog\u00edas de la Informaci\u00f3n de la provincia brindar\u00e1 acompa\u00f1amiento institucional en la difusi\u00f3n de la iniciativa y vinculaci\u00f3n con el ecosistema tecnol\u00f3gico provincial.<\/p>\n\n\n\n<p>El objetivo del parque es darle impulso a la econom\u00eda del conocimiento como un motor para el desarrollo regional, estableciendo sinergias entre la gesti\u00f3n p\u00fablica y la academia con la finalidad de generar un entorno colaborativo donde empresas, investigadores y emprendedores puedan desarrollar un intercambio que les permita crecer e innovar.<\/p>\n","protected":false},"excerpt":{"rendered":"<p>El Parque Tecnol\u00f3gico Corrientes es el producto de un trabajo sostenido entre la UNNE y el Gobierno de Corrientes que tiene como objetivo fortalecer y ampliar el ecosistema de innovaci\u00f3n&hellip; <\/p>\n","protected":false},"author":8,"featured_media":249070,"comment_status":"closed","ping_status":"open","sticky":false,"template":"","format":"standard","meta":{"footnotes":""},"categories":[24],"tags":[],"class_list":["post-249069","post","type-post","status-publish","format-standard","has-post-thumbnail","hentry","category-tecnologia"],"_links":{"self":[{"href":"https:\/\/corrientesdetarde.com\/index.php\/wp-json\/wp\/v2\/posts\/249069","targetHints":{"allow":["GET"]}}],"collection":[{"href":"https:\/\/corrientesdetarde.com\/index.php\/wp-json\/wp\/v2\/posts"}],"about":[{"href":"https:\/\/corrientesdetarde.com\/index.php\/wp-json\/wp\/v2\/types\/post"}],"author":[{"embeddable":true,"href":"https:\/\/corrientesdetarde.com\/index.php\/wp-json\/wp\/v2\/users\/8"}],"replies":[{"embeddable":true,"href":"https:\/\/corrientesdetarde.com\/index.php\/wp-json\/wp\/v2\/comments?post=249069"}],"version-history":[{"count":1,"href":"https:\/\/corrientesdetarde.com\/index.php\/wp-json\/wp\/v2\/posts\/249069\/revisions"}],"predecessor-version":[{"id":249071,"href":"https:\/\/corrientesdetarde.com\/index.php\/wp-json\/wp\/v2\/posts\/249069\/revisions\/249071"}],"wp:featuredmedia":[{"embeddable":true,"href":"https:\/\/corrientesdetarde.com\/index.php\/wp-json\/wp\/v2\/media\/249070"}],"wp:attachment":[{"href":"https:\/\/corrientesdetarde.com\/index.php\/wp-json\/wp\/v2\/media?parent=249069"}],"wp:term":[{"taxonomy":"category","embeddable":true,"href":"https:\/\/corrientesdetarde.com\/index.php\/wp-json\/wp\/v2\/categories?post=249069"},{"taxonomy":"post_tag","embeddable":true,"href":"https:\/\/corrientesdetarde.com\/index.php\/wp-json\/wp\/v2\/tags?post=249069"}],"curies":[{"name":"wp","href":"https:\/\/api.w.org\/{rel}","templated":true}]}}