{"id":249072,"date":"2026-03-12T12:59:07","date_gmt":"2026-03-12T15:59:07","guid":{"rendered":"https:\/\/corrientesdetarde.com\/?p=249072"},"modified":"2026-03-12T12:59:20","modified_gmt":"2026-03-12T15:59:20","slug":"el-ministro-de-salud-puso-en-funciones-al-nuevo-director-del-hospital-el-salvador","status":"publish","type":"post","link":"https:\/\/corrientesdetarde.com\/index.php\/bienestar-y-salud\/el-ministro-de-salud-puso-en-funciones-al-nuevo-director-del-hospital-el-salvador\/","title":{"rendered":"El ministro de Salud puso en funciones al nuevo director del hospital \u201cEl Salvador\u201d"},"content":{"rendered":"\n<p><em>Estar\u00e1 al frente del nosocomio&nbsp;el doctor Gerardo Mart\u00edn Ben\u00edtez. La doctora Roc\u00edo Bruzzo&nbsp;ser\u00e1 coordinadora de la Regi\u00f3n Sanitaria 2.<\/em><\/p>\n\n\n\n<p>El ministro de Salud P\u00fablica, Emilio Lanari, a trav\u00e9s del Decreto Provincial N\u00b0 395, puso en funciones al doctor Gerardo Mart\u00edn Ben\u00edtez como director del hospital \u201cEl Salvador\u201d de Bella Vista. En el acto, agradeci\u00f3 por su trabajo a la directora saliente, Roc\u00edo Bruzzo, quien ser\u00e1 coordinadora de la Regi\u00f3n Sanitaria 2.<\/p>\n\n\n\n<p>Estuvieron presentes subsecretarios y directores del nivel central de la cartera sanitaria. Adem\u00e1s, autoridades municipales, directivos y personal del nosocomio.<\/p>\n\n\n\n<p>\u201cVenimos a poner en funci\u00f3n al doctor Ben\u00edtez, quiero remarcar la tarea excepcional que hizo la doctora Bruzzo quien ahora estar\u00e1 como coordinadora de regi\u00f3n sanitaria. Este hospital de cabecera tiene un trabajo excelente y est\u00e1 atendiendo necesidades de toda la regi\u00f3n, queremos que sigan trabajando en esta l\u00ednea. Tiene una buena capacidad de resoluci\u00f3n y eso disminuye la carga de los hospitales de Capital\u201d, sostuvo el ministro&nbsp;Lanari.<\/p>\n\n\n\n<p>Tambi\u00e9n, agradeci\u00f3 a todo el personal del nosocomio por la tarea \u201cadmirable que realizan\u201d y resalt\u00f3 su \u201ccompromiso con la salud p\u00fablica\u201d.<\/p>\n\n\n\n<p>\u201cEste hospital ha dejado la vara muy alta. Bella Vista, se convirti\u00f3 en un ejemplo de trabajo resolutivo y esto es gracias al trabajo en equipo. Quiero agradecer profundamente a quien fue ministro de Salud P\u00fablica, Ricardo Cardozo, y al ex gobernador Gustavo Vald\u00e9s por el trabajo que hicieron con los hospitales regionales. Esta nueva gesti\u00f3n es una continuidad de la anterior\u201d, dijo y agreg\u00f3 que se har\u00e1 hincapi\u00e9 en los ejes que marc\u00f3 el actual gobernador, Juan Pablo Vald\u00e9s, sobre cercan\u00eda a la gente y el trabajo en APS.<\/p>\n\n\n\n<p>\u201cQueremos formar parte de este equipo maravilloso, seguir\u00e1n teniendo el apoyo de este Ministerio. Rogamos a Dios para que este compromiso contin\u00fae\u201d, expres\u00f3 y record\u00f3 una frase: Con las manos en el trabajo y con el coraz\u00f3n a Dios.<\/p>\n\n\n\n<p>La intendente, Noelia Bazzi, agradeci\u00f3 la presencia del ministro Lanari Zubiaur y del subsecretario Luis P\u00e9rez. As\u00ed como tambi\u00e9n de otras autoridades de la cartera sanitaria, del Municipio y del nosocomio.<\/p>\n\n\n\n<p>\u201cNos invade la emoci\u00f3n, m\u00e1s all\u00e1 de la funci\u00f3n que cumplen ac\u00e1 sabemos que hay buena gente. Vemos m\u00e1s all\u00e1 de la formaci\u00f3n profesional. Siempre digo, para ejercer la funci\u00f3n p\u00fablica es requisito fundamental ser buena persona\u201d, se\u00f1al\u00f3&nbsp;Noelia&nbsp;Bazziy resalt\u00f3 el trabajo que lograron ambos m\u00e9dicos, Bruzzo y Ben\u00edtez, cuando atravesaron situaciones personales dif\u00edciles.<\/p>\n\n\n\n<p>\u201cQuiero agradecer al Ministerio de Salud por confiar en el hospital de Bella Vista que es modelo, producto del trabajo de quienes dirigen y de todos los que est\u00e1n ac\u00e1. Todas las personas del hospital tienen el mismo nivel de importancia\u201d, expres\u00f3 y record\u00f3 que el municipio tiene las puertas abiertas para seguir trabajando en equipo.<\/p>\n\n\n\n<p>Por su parte, la directora saliente,&nbsp;Roc\u00edo Bruzzo, detall\u00f3 que en noviembre del 2022 la atenci\u00f3n mensual era de 2.500 y hoy est\u00e1 cerca de las 5 mil; adem\u00e1s, de 500 internaciones por mes. Hay menos del 1% de derivaci\u00f3n.<\/p>\n\n\n\n<p>Al mismo tiempo, destac\u00f3 los avances en el centro de salud como en la Unidad de Terapia Intensiva y el sector de Pediatr\u00eda.<\/p>\n\n\n\n<p>El nuevo director,Gerardo Ben\u00edtez,&nbsp; resalt\u00f3 el apoyo del Ministerio con el hospital, destac\u00f3 el apoyo de la doctora Bruzzo y el de su familia.<\/p>\n\n\n\n<p>Por otra parte, el ministro Lanari Zubiaur, en contacto con la prensa, record\u00f3 que el mi\u00e9rcoles inici\u00f3 la campa\u00f1a de vacunaci\u00f3n antigripal y que las dosis est\u00e1n disponibles en todos los vacunatorios de la provincia.<\/p>\n\n\n\n<p>Al ser consultado por tareas de APS (Atenci\u00f3n Primaria de la Salud), remarc\u00f3 que es el eje central de la pol\u00edtica que se ha trazado en esta gesti\u00f3n. Se busca, fortalecer la cercan\u00eda y control de enfermedades emergentes.<\/p>\n\n\n\n<p>Tambi\u00e9n, adelant\u00f3 que se est\u00e1 trabajando en la entrega de ambulancias para el nosocomio de Bella Vista.<\/p>\n\n\n\n<figure class=\"wp-block-image size-large\"><img loading=\"lazy\" decoding=\"async\" width=\"1024\" height=\"682\" src=\"https:\/\/corrientesdetarde.com\/wp-content\/uploads\/2026\/03\/image-310-1024x682.png\" alt=\"\" class=\"wp-image-249073\" srcset=\"https:\/\/corrientesdetarde.com\/wp-content\/uploads\/2026\/03\/image-310-1024x682.png 1024w, https:\/\/corrientesdetarde.com\/wp-content\/uploads\/2026\/03\/image-310-300x200.png 300w, https:\/\/corrientesdetarde.com\/wp-content\/uploads\/2026\/03\/image-310-768x512.png 768w, https:\/\/corrientesdetarde.com\/wp-content\/uploads\/2026\/03\/image-310-1536x1023.png 1536w, https:\/\/corrientesdetarde.com\/wp-content\/uploads\/2026\/03\/image-310.png 1600w\" sizes=\"auto, (max-width: 1024px) 100vw, 1024px\" \/><\/figure>\n\n\n\n<figure class=\"wp-block-image size-large\"><img loading=\"lazy\" decoding=\"async\" width=\"1024\" height=\"682\" src=\"https:\/\/corrientesdetarde.com\/wp-content\/uploads\/2026\/03\/image-311-1024x682.png\" alt=\"\" class=\"wp-image-249074\" srcset=\"https:\/\/corrientesdetarde.com\/wp-content\/uploads\/2026\/03\/image-311-1024x682.png 1024w, https:\/\/corrientesdetarde.com\/wp-content\/uploads\/2026\/03\/image-311-300x200.png 300w, https:\/\/corrientesdetarde.com\/wp-content\/uploads\/2026\/03\/image-311-768x512.png 768w, https:\/\/corrientesdetarde.com\/wp-content\/uploads\/2026\/03\/image-311-1536x1023.png 1536w, https:\/\/corrientesdetarde.com\/wp-content\/uploads\/2026\/03\/image-311.png 1600w\" sizes=\"auto, (max-width: 1024px) 100vw, 1024px\" \/><\/figure>\n\n\n\n<figure class=\"wp-block-image size-large\"><img loading=\"lazy\" decoding=\"async\" width=\"1024\" height=\"682\" src=\"https:\/\/corrientesdetarde.com\/wp-content\/uploads\/2026\/03\/image-313-1024x682.png\" alt=\"\" class=\"wp-image-249076\" srcset=\"https:\/\/corrientesdetarde.com\/wp-content\/uploads\/2026\/03\/image-313-1024x682.png 1024w, https:\/\/corrientesdetarde.com\/wp-content\/uploads\/2026\/03\/image-313-300x200.png 300w, https:\/\/corrientesdetarde.com\/wp-content\/uploads\/2026\/03\/image-313-768x512.png 768w, https:\/\/corrientesdetarde.com\/wp-content\/uploads\/2026\/03\/image-313-1536x1023.png 1536w, https:\/\/corrientesdetarde.com\/wp-content\/uploads\/2026\/03\/image-313.png 1600w\" sizes=\"auto, (max-width: 1024px) 100vw, 1024px\" \/><\/figure>\n","protected":false},"excerpt":{"rendered":"<p>Estar\u00e1 al frente del nosocomio&nbsp;el doctor Gerardo Mart\u00edn Ben\u00edtez. La doctora Roc\u00edo Bruzzo&nbsp;ser\u00e1 coordinadora de la Regi\u00f3n Sanitaria 2. El ministro de Salud P\u00fablica, Emilio Lanari, a trav\u00e9s del Decreto&hellip; <\/p>\n","protected":false},"author":8,"featured_media":249075,"comment_status":"closed","ping_status":"open","sticky":false,"template":"","format":"standard","meta":{"footnotes":""},"categories":[16],"tags":[],"class_list":["post-249072","post","type-post","status-publish","format-standard","has-post-thumbnail","hentry","category-bienestar-y-salud"],"_links":{"self":[{"href":"https:\/\/corrientesdetarde.com\/index.php\/wp-json\/wp\/v2\/posts\/249072","targetHints":{"allow":["GET"]}}],"collection":[{"href":"https:\/\/corrientesdetarde.com\/index.php\/wp-json\/wp\/v2\/posts"}],"about":[{"href":"https:\/\/corrientesdetarde.com\/index.php\/wp-json\/wp\/v2\/types\/post"}],"author":[{"embeddable":true,"href":"https:\/\/corrientesdetarde.com\/index.php\/wp-json\/wp\/v2\/users\/8"}],"replies":[{"embeddable":true,"href":"https:\/\/corrientesdetarde.com\/index.php\/wp-json\/wp\/v2\/comments?post=249072"}],"version-history":[{"count":1,"href":"https:\/\/corrientesdetarde.com\/index.php\/wp-json\/wp\/v2\/posts\/249072\/revisions"}],"predecessor-version":[{"id":249077,"href":"https:\/\/corrientesdetarde.com\/index.php\/wp-json\/wp\/v2\/posts\/249072\/revisions\/249077"}],"wp:featuredmedia":[{"embeddable":true,"href":"https:\/\/corrientesdetarde.com\/index.php\/wp-json\/wp\/v2\/media\/249075"}],"wp:attachment":[{"href":"https:\/\/corrientesdetarde.com\/index.php\/wp-json\/wp\/v2\/media?parent=249072"}],"wp:term":[{"taxonomy":"category","embeddable":true,"href":"https:\/\/corrientesdetarde.com\/index.php\/wp-json\/wp\/v2\/categories?post=249072"},{"taxonomy":"post_tag","embeddable":true,"href":"https:\/\/corrientesdetarde.com\/index.php\/wp-json\/wp\/v2\/tags?post=249072"}],"curies":[{"name":"wp","href":"https:\/\/api.w.org\/{rel}","templated":true}]}}