{"id":249078,"date":"2026-03-12T14:09:43","date_gmt":"2026-03-12T17:09:43","guid":{"rendered":"https:\/\/corrientesdetarde.com\/?p=249078"},"modified":"2026-03-12T14:10:14","modified_gmt":"2026-03-12T17:10:14","slug":"pasaporte-cultural-iniciativa-del-senado-para-reconocer-la-participacion-ciudadana-en-actividades-artisticas","status":"publish","type":"post","link":"https:\/\/corrientesdetarde.com\/index.php\/eventos\/pasaporte-cultural-iniciativa-del-senado-para-reconocer-la-participacion-ciudadana-en-actividades-artisticas\/","title":{"rendered":"Pasaporte Cultural: iniciativa del Senado para reconocer la participaci\u00f3n ciudadana en actividades art\u00edsticas"},"content":{"rendered":"\n<p>Como parte del programa cultural 2026, el Senado de la provincia, presidido por el vicegobernador Pedro Braillard Poccard, present\u00f3 el Pasaporte Cultural, una iniciativa destinada a promover el acceso a la cultura y reconocer la participaci\u00f3n del p\u00fablico que acompa\u00f1a las distintas propuestas art\u00edsticas impulsadas desde la instituci\u00f3n.<\/p>\n\n\n\n<p>La propuesta de Cultura Senado y la direcci\u00f3n de Prensa de la instituci\u00f3n legislativa, el Pasaporte (un documento personal, gratuito e intransferible) funcionar\u00e1 como una bit\u00e1cora cultural. A trav\u00e9s de \u00e9l, cada participante podr\u00e1 registrar su asistencia a diversas actividades, como espect\u00e1culos art\u00edsticos, conciertos, visitas a las muestras en el Sal\u00f3n de los Pasos Perdidos.<\/p>\n\n\n\n<p>Mediante este sistema, cada evento contar\u00e1 con una verificaci\u00f3n que permitir\u00e1 dejar constancia de la participaci\u00f3n del p\u00fablico en su pasaporte, generando as\u00ed un recorrido de experiencias culturales a lo largo del a\u00f1o.<\/p>\n\n\n\n<p>La propuesta busca incentivar la presencia activa de la comunidad en la agenda cultural y fortalecer el v\u00ednculo entre los ciudadanos y las distintas expresiones art\u00edsticas.<\/p>\n\n\n\n<p>Como parte del programa, hacia fin de a\u00f1o se realizar\u00e1 un reconocimiento a aquellas personas que hayan acompa\u00f1ado de manera constante las actividades culturales. Asimismo, la iniciativa prev\u00e9 la posibilidad de incorporar a instituciones educativas que habitualmente participan de estas experiencias.<\/p>\n\n\n\n<p>El Pasaporte Cultural estar\u00e1 disponible tambi\u00e9n en formato impreso, lo que facilitar\u00e1 su utilizaci\u00f3n en cada uno de los eventos y actividades que integren el programa.<\/p>\n\n\n\n<p>La directora de Cultura Senado, profesora Nathalia Rodriguez destac\u00f3 que esta propuesta busca fomentar el acceso a la cultura, incentivar la participaci\u00f3n del p\u00fablico y poner en valor el compromiso de los ciudadanos que acompa\u00f1an y enriquecen la vida cultural de la comunidad.<\/p>\n\n\n\n<p><\/p>\n","protected":false},"excerpt":{"rendered":"<p>Como parte del programa cultural 2026, el Senado de la provincia, presidido por el vicegobernador Pedro Braillard Poccard, present\u00f3 el Pasaporte Cultural, una iniciativa destinada a promover el acceso a&hellip; <\/p>\n","protected":false},"author":8,"featured_media":249083,"comment_status":"closed","ping_status":"open","sticky":false,"template":"","format":"standard","meta":{"footnotes":""},"categories":[22],"tags":[],"class_list":["post-249078","post","type-post","status-publish","format-standard","has-post-thumbnail","hentry","category-eventos"],"_links":{"self":[{"href":"https:\/\/corrientesdetarde.com\/index.php\/wp-json\/wp\/v2\/posts\/249078","targetHints":{"allow":["GET"]}}],"collection":[{"href":"https:\/\/corrientesdetarde.com\/index.php\/wp-json\/wp\/v2\/posts"}],"about":[{"href":"https:\/\/corrientesdetarde.com\/index.php\/wp-json\/wp\/v2\/types\/post"}],"author":[{"embeddable":true,"href":"https:\/\/corrientesdetarde.com\/index.php\/wp-json\/wp\/v2\/users\/8"}],"replies":[{"embeddable":true,"href":"https:\/\/corrientesdetarde.com\/index.php\/wp-json\/wp\/v2\/comments?post=249078"}],"version-history":[{"count":1,"href":"https:\/\/corrientesdetarde.com\/index.php\/wp-json\/wp\/v2\/posts\/249078\/revisions"}],"predecessor-version":[{"id":249084,"href":"https:\/\/corrientesdetarde.com\/index.php\/wp-json\/wp\/v2\/posts\/249078\/revisions\/249084"}],"wp:featuredmedia":[{"embeddable":true,"href":"https:\/\/corrientesdetarde.com\/index.php\/wp-json\/wp\/v2\/media\/249083"}],"wp:attachment":[{"href":"https:\/\/corrientesdetarde.com\/index.php\/wp-json\/wp\/v2\/media?parent=249078"}],"wp:term":[{"taxonomy":"category","embeddable":true,"href":"https:\/\/corrientesdetarde.com\/index.php\/wp-json\/wp\/v2\/categories?post=249078"},{"taxonomy":"post_tag","embeddable":true,"href":"https:\/\/corrientesdetarde.com\/index.php\/wp-json\/wp\/v2\/tags?post=249078"}],"curies":[{"name":"wp","href":"https:\/\/api.w.org\/{rel}","templated":true}]}}