{"id":249085,"date":"2026-03-12T14:27:37","date_gmt":"2026-03-12T17:27:37","guid":{"rendered":"https:\/\/corrientesdetarde.com\/?p=249085"},"modified":"2026-03-12T14:27:41","modified_gmt":"2026-03-12T17:27:41","slug":"el-gobierno-del-chaco-adelanto-que-se-estan-evaluando-alternativas-en-caso-de-que-ersa-decida-no-prestar-mas-su-servicio","status":"publish","type":"post","link":"https:\/\/corrientesdetarde.com\/index.php\/sociales\/el-gobierno-del-chaco-adelanto-que-se-estan-evaluando-alternativas-en-caso-de-que-ersa-decida-no-prestar-mas-su-servicio\/","title":{"rendered":"El Gobierno del Chaco adelanto que se est\u00e1n evaluando alternativas  en caso de que ERSA decida no prestar m\u00e1s su servicio"},"content":{"rendered":"\n<p>El Ministerio de Infraestructura de la Provincia del Chaco inform\u00f3 a la empresa ERSA Urbano S.A., prestataria del servicio de transporte p\u00fablico urbano de pasajeros en el \u00e1rea metropolitana, que har\u00e1 uso de las facultades contractuales previstas en el pliego de concesi\u00f3n y en la normativa vigente, en relaci\u00f3n con la decisi\u00f3n empresarial de cesar unilateralmente la prestaci\u00f3n del servicio.<\/p>\n\n\n\n<p><strong>El Gobierno provincial adelantaron que se est\u00e1n evaluando alternativas que incluyen contactos con otras empresas prestadores, en caso de que ERSA decida no prestar m\u00e1s el servicio.<\/strong>\u00a0Metodolog\u00eda que se viene dando en otras jurisdicciones del pa\u00eds.<br>En la comunicaci\u00f3n oficial, el\u00a0<strong>Ministerio\u00a0de Infraestructura de la Provincia del Chaco<\/strong>\u00a0dej\u00f3 constancia de la posici\u00f3n institucional del Gobierno provincial respecto de la importancia de\u00a0<strong>preservar la continuidad de un servicio p\u00fablico esencial<\/strong>\u00a0para la comunidad. En ese marco, se se\u00f1al\u00f3 que la Provincia actuar\u00e1 conforme a las herramientas previstas en el contrato de concesi\u00f3n a fin de garantizar el normal funcionamiento del sistema de transporte.<br><strong>La empresa fundament\u00f3 su decisi\u00f3n en una presunta alteraci\u00f3n de la ecuaci\u00f3n econ\u00f3mico-financiera del contrato.\u00a0<\/strong>Ante ello, el Ministerio expres\u00f3 su desacuerdo con dicha interpretaci\u00f3n, se\u00f1alando que, de acuerdo con el an\u00e1lisis realizado, no se verifican circunstancias extraordinarias, imprevisibles y ajenas a la concesionaria que imposibiliten la continuidad de la prestaci\u00f3n del servicio.<\/p>\n\n\n\n<figure class=\"wp-block-image size-full\"><img loading=\"lazy\" decoding=\"async\" width=\"900\" height=\"659\" src=\"https:\/\/corrientesdetarde.com\/wp-content\/uploads\/2026\/03\/image-315.png\" alt=\"\" class=\"wp-image-249086\" srcset=\"https:\/\/corrientesdetarde.com\/wp-content\/uploads\/2026\/03\/image-315.png 900w, https:\/\/corrientesdetarde.com\/wp-content\/uploads\/2026\/03\/image-315-300x220.png 300w, https:\/\/corrientesdetarde.com\/wp-content\/uploads\/2026\/03\/image-315-768x562.png 768w\" sizes=\"auto, (max-width: 900px) 100vw, 900px\" \/><\/figure>\n\n\n\n<p>En virtud de lo expuesto, la cartera de Infraestructura indic\u00f3 que adoptar\u00e1 las medidas que correspondan\u00a0<strong>dentro del marco legal y contractual vigente<\/strong>, con el objetivo de asegurar el cumplimiento de las<strong>\u00a0obligaciones asumidas por la empresa concesionaria<\/strong>\u00a0y resguardar el inter\u00e9s p\u00fablico. Asimismo, se record\u00f3 que la Provincia del Chaco ha implementado en los \u00faltimos a\u00f1os distintos\u00a0<strong>mecanismos de acompa\u00f1amiento al sistema de transporte p\u00fablico<\/strong>\u00a0urbano, entre ellos el fortalecimiento del<strong>\u00a0Fondo de Compensaci\u00f3n Provincial<\/strong>\u00a0y la aplicaci\u00f3n de esquemas de asistencia extraordinaria frente a la reducci\u00f3n de subsidios nacionales.<br>Estas acciones, seg\u00fan se indic\u00f3,\u00a0<strong>forman parte de una pol\u00edtica sostenida orientada a preservar la estabilidad del sistema de transporte<\/strong>\u00a0y a garantizar su continuidad en beneficio de los usuarios del \u00e1rea metropolitana.<\/p>\n","protected":false},"excerpt":{"rendered":"<p>El Ministerio de Infraestructura de la Provincia del Chaco inform\u00f3 a la empresa ERSA Urbano S.A., prestataria del servicio de transporte p\u00fablico urbano de pasajeros en el \u00e1rea metropolitana, que&hellip; <\/p>\n","protected":false},"author":8,"featured_media":249087,"comment_status":"closed","ping_status":"open","sticky":false,"template":"","format":"standard","meta":{"footnotes":""},"categories":[17],"tags":[],"class_list":["post-249085","post","type-post","status-publish","format-standard","has-post-thumbnail","hentry","category-sociales"],"_links":{"self":[{"href":"https:\/\/corrientesdetarde.com\/index.php\/wp-json\/wp\/v2\/posts\/249085","targetHints":{"allow":["GET"]}}],"collection":[{"href":"https:\/\/corrientesdetarde.com\/index.php\/wp-json\/wp\/v2\/posts"}],"about":[{"href":"https:\/\/corrientesdetarde.com\/index.php\/wp-json\/wp\/v2\/types\/post"}],"author":[{"embeddable":true,"href":"https:\/\/corrientesdetarde.com\/index.php\/wp-json\/wp\/v2\/users\/8"}],"replies":[{"embeddable":true,"href":"https:\/\/corrientesdetarde.com\/index.php\/wp-json\/wp\/v2\/comments?post=249085"}],"version-history":[{"count":1,"href":"https:\/\/corrientesdetarde.com\/index.php\/wp-json\/wp\/v2\/posts\/249085\/revisions"}],"predecessor-version":[{"id":249088,"href":"https:\/\/corrientesdetarde.com\/index.php\/wp-json\/wp\/v2\/posts\/249085\/revisions\/249088"}],"wp:featuredmedia":[{"embeddable":true,"href":"https:\/\/corrientesdetarde.com\/index.php\/wp-json\/wp\/v2\/media\/249087"}],"wp:attachment":[{"href":"https:\/\/corrientesdetarde.com\/index.php\/wp-json\/wp\/v2\/media?parent=249085"}],"wp:term":[{"taxonomy":"category","embeddable":true,"href":"https:\/\/corrientesdetarde.com\/index.php\/wp-json\/wp\/v2\/categories?post=249085"},{"taxonomy":"post_tag","embeddable":true,"href":"https:\/\/corrientesdetarde.com\/index.php\/wp-json\/wp\/v2\/tags?post=249085"}],"curies":[{"name":"wp","href":"https:\/\/api.w.org\/{rel}","templated":true}]}}