{"id":249089,"date":"2026-03-12T14:40:19","date_gmt":"2026-03-12T17:40:19","guid":{"rendered":"https:\/\/corrientesdetarde.com\/?p=249089"},"modified":"2026-03-12T14:41:19","modified_gmt":"2026-03-12T17:41:19","slug":"el-senador-gustavo-valdes-reclamo-al-gobierno-nacional-una-politica-que-defienda-la-produccion-y-la-mano-de-obra-argentina","status":"publish","type":"post","link":"https:\/\/corrientesdetarde.com\/index.php\/actualidad\/el-senador-gustavo-valdes-reclamo-al-gobierno-nacional-una-politica-que-defienda-la-produccion-y-la-mano-de-obra-argentina\/","title":{"rendered":"El senador \u00a0Gustavo Vald\u00e9s, reclam\u00f3 al Gobierno nacional una pol\u00edtica que defienda la producci\u00f3n y la mano de obra argentina"},"content":{"rendered":"\n<p><a href=\"https:\/\/www.facebook.com\/sharer\/sharer.php?u=https%3A%2F%2Fcorrientesaldia.info%2F2026%2F03%2F12%2Fgustavo-valdes-pidio-al-gobierno-nacional-politicas-para-proteger-la-produccion-y-el-empleo%2F\" target=\"_blank\" rel=\"noreferrer noopener\"><\/a><a href=\"https:\/\/twitter.com\/intent\/tweet?url=https%3A%2F%2Fcorrientesaldia.info%2F2026%2F03%2F12%2Fgustavo-valdes-pidio-al-gobierno-nacional-politicas-para-proteger-la-produccion-y-el-empleo%2F&amp;text=Gustavo+Vald%C3%A9s+pidi%C3%B3+al+Gobierno+nacional+pol%C3%ADticas+para+proteger+la+producci%C3%B3n+y+el+empleo\" target=\"_blank\" rel=\"noreferrer noopener\"><\/a><a href=\"https:\/\/wa.me\/?text=https%3A%2F%2Fcorrientesaldia.info%2F2026%2F03%2F12%2Fgustavo-valdes-pidio-al-gobierno-nacional-politicas-para-proteger-la-produccion-y-el-empleo%2F\" target=\"_blank\" rel=\"noreferrer noopener\"><\/a><a href=\"mailto:?subject=Gustavo+Vald%C3%A9s+pidi%C3%B3+al+Gobierno+nacional+pol%C3%ADticas+para+proteger+la+producci%C3%B3n+y+el+empleo&amp;body=https%3A%2F%2Fcorrientesaldia.info%2F2026%2F03%2F12%2Fgustavo-valdes-pidio-al-gobierno-nacional-politicas-para-proteger-la-produccion-y-el-empleo%2F\" target=\"_blank\" rel=\"noreferrer noopener\"><\/a><\/p>\n\n\n\n<p>El senador provincial y exgobernador de Corrientes,&nbsp;<strong>Gustavo Vald\u00e9s<\/strong>, reclam\u00f3 al Gobierno nacional una pol\u00edtica econ\u00f3mica m\u00e1s orientada a la producci\u00f3n y a la defensa de la mano de obra argentina. Sus declaraciones se dieron al ingresar a una reuni\u00f3n partidaria de la UCR Corrientes, realizada en el marco del&nbsp;<strong>D\u00eda del Militante Radical<\/strong>.<\/p>\n\n\n\n<p>En di\u00e1logo con la prensa, el dirigente radical se\u00f1al\u00f3 que mantiene una postura de respeto institucional hacia la gesti\u00f3n del presidente&nbsp;<strong>Javier Milei<\/strong>, aunque aclar\u00f3 que existen diferencias ideol\u00f3gicas en algunos puntos de la pol\u00edtica econ\u00f3mica.<\/p>\n\n\n\n<p>\u201cEst\u00e1 gobernando este Presidente y soy respetuoso. En algunas cosas coincido y en otras no. Hay cuestiones que ideol\u00f3gicamente no acompa\u00f1o\u201d, expres\u00f3.<\/p>\n\n\n\n<p>Vald\u00e9s remarc\u00f3 que uno de los temas que genera mayor inquietud es la apertura de importaciones, especialmente por su impacto en algunos sectores productivos del pa\u00eds. \u201cEl tema depende de qu\u00e9 sector se trate. Estamos preocupados con el sector textil por la invasi\u00f3n de producci\u00f3n importada\u201d, sostuvo.<\/p>\n\n\n\n<p>En ese sentido, advirti\u00f3 que el pa\u00eds necesita pol\u00edticas que prioricen el desarrollo productivo interno para sostener el empleo. \u201cAl Gobierno nacional se le reclama una pol\u00edtica m\u00e1s orientada a la producci\u00f3n y a defender la mano de obra argentina. Si no tenemos esa capacidad va a ser dif\u00edcil generar trabajo. No conozco un pa\u00eds que abra indiscriminadamente sus fronteras\u201d, analiz\u00f3.<\/p>\n\n\n\n<h4 class=\"wp-block-heading\">Reforma laboral y situaci\u00f3n econ\u00f3mica<\/h4>\n\n\n\n<p>El exgobernador tambi\u00e9n se refiri\u00f3 al debate sobre la reforma laboral, un tema que consider\u00f3 necesario pero que, seg\u00fan indic\u00f3, debe avanzar con consensos pol\u00edticos y sociales.<\/p>\n\n\n\n<p>\u201cDesde hace tiempo plante\u00e1bamos la necesidad de una reforma laboral, pero siempre dijimos que deb\u00eda hacerse con consenso\u201d, explic\u00f3.<\/p>\n\n\n\n<p>En cuanto al panorama econ\u00f3mico, se\u00f1al\u00f3 que la realidad impacta de manera distinta seg\u00fan los sectores, aunque reconoci\u00f3 que para gran parte de la poblaci\u00f3n la situaci\u00f3n se vuelve cada vez m\u00e1s compleja.<\/p>\n\n\n\n<p>\u201cPara algunos sectores la situaci\u00f3n econ\u00f3mica les sienta bien, pero la realidad es que para muchos es cada vez m\u00e1s acuciante. Hoy la taba est\u00e1 en el aire\u201d, grafic\u00f3.<\/p>\n\n\n\n<h4 class=\"wp-block-heading\">Escenario pol\u00edtico y trabajo legislativo<\/h4>\n\n\n\n<p>Consultado sobre el escenario pol\u00edtico actual, Vald\u00e9s aclar\u00f3 que no mantiene una relaci\u00f3n pol\u00edtica directa con&nbsp;<strong>La Libertad Avanza<\/strong>, aunque s\u00ed mantuvo conversaciones con dirigentes de otros espacios, como&nbsp;<strong>Diego Santilli<\/strong>, durante su visita a Corrientes.<\/p>\n\n\n\n<p>\u201cParticularmente no tengo relaci\u00f3n pol\u00edtica con LLA. Convers\u00e9 con Santilli cuando vino a Corrientes. Nosotros seguimos trabajando con la misma responsabilidad, acompa\u00f1ando al gobernador. Veremos qu\u00e9 se trae desde Estados Unidos\u201d, se\u00f1al\u00f3.<\/p>\n\n\n\n<p>Finalmente, indic\u00f3 que en la&nbsp;<strong>Legislatura provincial<\/strong>&nbsp;contin\u00faan las conversaciones con los distintos bloques para analizar el escenario pol\u00edtico y avanzar en la agenda parlamentaria.<\/p>\n","protected":false},"excerpt":{"rendered":"<p>El senador provincial y exgobernador de Corrientes,&nbsp;Gustavo Vald\u00e9s, reclam\u00f3 al Gobierno nacional una pol\u00edtica econ\u00f3mica m\u00e1s orientada a la producci\u00f3n y a la defensa de la mano de obra argentina.&hellip; <\/p>\n","protected":false},"author":8,"featured_media":249090,"comment_status":"closed","ping_status":"open","sticky":false,"template":"","format":"standard","meta":{"footnotes":""},"categories":[23],"tags":[],"class_list":["post-249089","post","type-post","status-publish","format-standard","has-post-thumbnail","hentry","category-actualidad"],"_links":{"self":[{"href":"https:\/\/corrientesdetarde.com\/index.php\/wp-json\/wp\/v2\/posts\/249089","targetHints":{"allow":["GET"]}}],"collection":[{"href":"https:\/\/corrientesdetarde.com\/index.php\/wp-json\/wp\/v2\/posts"}],"about":[{"href":"https:\/\/corrientesdetarde.com\/index.php\/wp-json\/wp\/v2\/types\/post"}],"author":[{"embeddable":true,"href":"https:\/\/corrientesdetarde.com\/index.php\/wp-json\/wp\/v2\/users\/8"}],"replies":[{"embeddable":true,"href":"https:\/\/corrientesdetarde.com\/index.php\/wp-json\/wp\/v2\/comments?post=249089"}],"version-history":[{"count":1,"href":"https:\/\/corrientesdetarde.com\/index.php\/wp-json\/wp\/v2\/posts\/249089\/revisions"}],"predecessor-version":[{"id":249091,"href":"https:\/\/corrientesdetarde.com\/index.php\/wp-json\/wp\/v2\/posts\/249089\/revisions\/249091"}],"wp:featuredmedia":[{"embeddable":true,"href":"https:\/\/corrientesdetarde.com\/index.php\/wp-json\/wp\/v2\/media\/249090"}],"wp:attachment":[{"href":"https:\/\/corrientesdetarde.com\/index.php\/wp-json\/wp\/v2\/media?parent=249089"}],"wp:term":[{"taxonomy":"category","embeddable":true,"href":"https:\/\/corrientesdetarde.com\/index.php\/wp-json\/wp\/v2\/categories?post=249089"},{"taxonomy":"post_tag","embeddable":true,"href":"https:\/\/corrientesdetarde.com\/index.php\/wp-json\/wp\/v2\/tags?post=249089"}],"curies":[{"name":"wp","href":"https:\/\/api.w.org\/{rel}","templated":true}]}}