{"id":249092,"date":"2026-03-12T14:57:12","date_gmt":"2026-03-12T17:57:12","guid":{"rendered":"https:\/\/corrientesdetarde.com\/?p=249092"},"modified":"2026-03-12T14:57:45","modified_gmt":"2026-03-12T17:57:45","slug":"mauro-icardi-confirmo-el-divorcio-de-wanda-nara-un-beso-victorioso","status":"publish","type":"post","link":"https:\/\/corrientesdetarde.com\/index.php\/espectaculos\/mauro-icardi-confirmo-el-divorcio-de-wanda-nara-un-beso-victorioso\/","title":{"rendered":"Mauro Icardi confirm\u00f3 el divorcio de Wanda Nara: \u201cUn beso victorioso\u201d"},"content":{"rendered":"\n<p>En sus redes sociales, el delantero del Galatasaray celebr\u00f3 el fin de una etapa y volvi\u00f3 a apuntar contra su expareja y mam\u00e1 de sus dos hijas.<\/p>\n\n\n\n<p><strong>Mauro Icardi<\/strong>\u00a0se divorci\u00f3 de\u00a0<strong>Wanda Nara<\/strong>. El delantero del Galatasaray public\u00f3 un comunicado en sus redes sociales, donde celebr\u00f3 el fin de una etapa.\u00a0<strong>\u201cEl Tic Tac dej\u00f3 de correr y se qued\u00f3 sin tiempo, se termin\u00f3\u201d<\/strong>, sentenci\u00f3.<\/p>\n\n\n\n<p>\u201c<strong>Hace exactamente un a\u00f1o me present\u00e9 en Milano a la audiencia de divorcio<\/strong>&nbsp;fijada por la justicia italiana. Un proceso que inici\u00e9 yo mismo en noviembre de 2024, cuando present\u00e9 formalmente mi pedido de divorcio&#8221;, escribi\u00f3 en una historia de Instagram.<\/p>\n\n\n\n<figure class=\"wp-block-image\"><img decoding=\"async\" src=\"https:\/\/tn.com.ar\/resizer\/v2\/el-comunicado-de-mauro-icardi-foto-instagram-mauroicardi-53625TLYTNHSHIEPR7H2GLZBK4.png?auth=86d19c9a9d774a1477b0d064082c154f37f265fb0e37516348b86109f4fe6ca3&amp;width=767\" alt=\"El comunicado de Mauro Icardi (Foto: Instagram \/mauroicardi)\"\/><\/figure>\n\n\n\n<p>Acto seguido, se\u00f1al\u00f3: \u201c<strong>En marzo de 2025 estuve ah\u00ed<\/strong>, presente, mientras la jueza se declaraba competente y decretaba la separaci\u00f3n que exige la ley italiana. Una separaci\u00f3n que, como establece la normativa, deb\u00eda durar un a\u00f1o\u201d.<\/p>\n\n\n\n<p>\u201cEse a\u00f1o se cumpli\u00f3 ayer, 11 de marzo de 2026.&nbsp;<strong>Y a partir de hoy, mis abogados ya iniciaron el tr\u00e1mite para la sentencia definitiva de divorcio, que ser\u00e1 emitida en los pr\u00f3ximos d\u00edas&#8221;<\/strong>.<\/p>\n\n\n\n<p>Para evitar malos entendidos, a modo de resumen, explic\u00f3:&nbsp;<strong>\u201cPed\u00ed el divorcio. Cumpl\u00ed con la Justicia. Y hoy el divorcio se hace efectivo\u201d.<\/strong><\/p>\n\n\n\n<figure class=\"wp-block-image\"><img decoding=\"async\" src=\"https:\/\/tn.com.ar\/resizer\/v2\/wanda-nara-y-mauro-icardi-se-separaron-luego-de-10-anos-de-relacion-en-medio-de-un-escandalo-foto-instagram-mauroicardi-OOJPFSOT45GWFEDTLJDHLPUXRE.jpg?auth=a44d9ed7d731b2588e91c1e9d9af06e56bc4f47c38e1b6501fa558d2537e7598&amp;width=767\" alt=\"Wanda Nara y Mauro Icardi se separaron luego de 10 a\u00f1os de relaci\u00f3n en medio de un esc\u00e1ndalo. (Foto: Instagram \/ mauroicardi).\"\/><\/figure>\n\n\n\n<p>Hecha esa aclaraci\u00f3n, con iron\u00eda, el futbolista pregunt\u00f3: \u201cAhora me queda una duda&#8230; \u00bfD\u00f3nde se van a meter todos los que durante un a\u00f1o repitieron que&nbsp;<strong>\u2018no me quer\u00eda separar\u2019<\/strong>? \u00bfCon qu\u00e9 nueva historia van a intentar sostener medio punto de rating? \u00bfSeguir\u00e1n vendiendo escritos falsos en portales de cuarta?\u201c.<\/p>\n\n\n\n<p>\u201cY ya que estamos me pregunto tambi\u00e9n&nbsp;<strong>qu\u00e9 explicaci\u00f3n tendr\u00e1 ahora la abogada reciclada<\/strong>&nbsp;(no nos olvidemos que volvi\u00f3 sin dignidad despu\u00e9s de haber sido echada para meter un tr\u00e1nsfuga que hoy est\u00e1 preso) que durante un a\u00f1o repiti\u00f3 p\u00fablicamente que yo no quer\u00eda divorciarme\u201d, lanz\u00f3. Y agreg\u00f3: \u201cSupongo que tocar\u00e1 volver a improvisar alguna teor\u00eda nueva\u201d.<\/p>\n\n\n\n<p>A modo de cierre, apunt\u00f3: \u201cEn fin. Despu\u00e9s de un a\u00f1o de ficci\u00f3n medi\u00e1tica, la realidad, como siempre, termina llegando. Y lleg\u00f3.&nbsp;<strong>Un beso victorioso. Porque lo \u00fanico que ped\u00ed en la justicia hace un a\u00f1o fue divorciarme y ac\u00e1 est\u00e1 el resultado\u201d.&nbsp;<\/strong>\u201cPd : El Tic Tac dej\u00f3 de correr y se qued\u00f3 sin tiempo, se termin\u00f3\u201c, concluy\u00f3.<\/p>\n\n\n\n<h2 class=\"wp-block-heading\">La historia de amor de Wanda Nara y Mauro Icardi<\/h2>\n\n\n\n<p>El v\u00ednculo entre&nbsp;<strong>Wanda Nara<\/strong>&nbsp;y&nbsp;<strong>Mauro Icardi<\/strong>&nbsp;comenz\u00f3 en 2013 en medio de una fuerte pol\u00e9mica. En ese momento, la medi\u00e1tica estaba casada con&nbsp;<strong>Maxi L\u00f3pez<\/strong>, compa\u00f1ero y amigo del rosarino en el f\u00fatbol italiano.<\/p>\n\n\n\n<p>Tras la separaci\u00f3n del pap\u00e1 de sus tres hijos varones, la empresaria blanque\u00f3 su relaci\u00f3n con el delantero, lo que gener\u00f3 un gran esc\u00e1ndalo medi\u00e1tico y los puso en el centro de la escena del espect\u00e1culo y el deporte.<\/p>\n\n\n\n<figure class=\"wp-block-image\"><img decoding=\"async\" src=\"https:\/\/tn.com.ar\/resizer\/v2\/wanda-nara-y-mauro-icardi-firmaron-el-divorcio-foto-instagramwandanara-Q7WGLMDTN5BG7DXYZB2KBAGXX4.jpg?auth=22106f084b5aa3535198f5ffa36bbc3f15c45112dcb0bc2a01faebc7f8b0c73b&amp;width=767\" alt=\"Wanda Nara y Mauro Icardi firmaron el divorcio (Foto: Instagram\/wanda_nara)\"\/><\/figure>\n\n\n\n<p>A pesar de las cr\u00edticas, Nara e Icardi se casaron en 2014 y tuvieron dos hijas. Ella lleg\u00f3 a asumir el rol de representante del futbolista.<\/p>\n\n\n\n<p>Su relaci\u00f3n atraves\u00f3 varios altibajos p\u00fablicos, especialmente en 2021 con el llamado \u201cWandagate\u201d, cuando surgieron rumores de infidelidad vinculados a&nbsp;<strong>China Su\u00e1rez<\/strong>. Desde entonces, la pareja tuvo reconciliaciones y nuevas crisis, hasta que en 2024 se separaron definitivamente y hoy firmaron el divorcio.<\/p>\n","protected":false},"excerpt":{"rendered":"<p>En sus redes sociales, el delantero del Galatasaray celebr\u00f3 el fin de una etapa y volvi\u00f3 a apuntar contra su expareja y mam\u00e1 de sus dos hijas. Mauro Icardi\u00a0se divorci\u00f3&hellip; <\/p>\n","protected":false},"author":8,"featured_media":249093,"comment_status":"closed","ping_status":"open","sticky":false,"template":"","format":"standard","meta":{"footnotes":""},"categories":[19],"tags":[],"class_list":["post-249092","post","type-post","status-publish","format-standard","has-post-thumbnail","hentry","category-espectaculos"],"_links":{"self":[{"href":"https:\/\/corrientesdetarde.com\/index.php\/wp-json\/wp\/v2\/posts\/249092","targetHints":{"allow":["GET"]}}],"collection":[{"href":"https:\/\/corrientesdetarde.com\/index.php\/wp-json\/wp\/v2\/posts"}],"about":[{"href":"https:\/\/corrientesdetarde.com\/index.php\/wp-json\/wp\/v2\/types\/post"}],"author":[{"embeddable":true,"href":"https:\/\/corrientesdetarde.com\/index.php\/wp-json\/wp\/v2\/users\/8"}],"replies":[{"embeddable":true,"href":"https:\/\/corrientesdetarde.com\/index.php\/wp-json\/wp\/v2\/comments?post=249092"}],"version-history":[{"count":1,"href":"https:\/\/corrientesdetarde.com\/index.php\/wp-json\/wp\/v2\/posts\/249092\/revisions"}],"predecessor-version":[{"id":249094,"href":"https:\/\/corrientesdetarde.com\/index.php\/wp-json\/wp\/v2\/posts\/249092\/revisions\/249094"}],"wp:featuredmedia":[{"embeddable":true,"href":"https:\/\/corrientesdetarde.com\/index.php\/wp-json\/wp\/v2\/media\/249093"}],"wp:attachment":[{"href":"https:\/\/corrientesdetarde.com\/index.php\/wp-json\/wp\/v2\/media?parent=249092"}],"wp:term":[{"taxonomy":"category","embeddable":true,"href":"https:\/\/corrientesdetarde.com\/index.php\/wp-json\/wp\/v2\/categories?post=249092"},{"taxonomy":"post_tag","embeddable":true,"href":"https:\/\/corrientesdetarde.com\/index.php\/wp-json\/wp\/v2\/tags?post=249092"}],"curies":[{"name":"wp","href":"https:\/\/api.w.org\/{rel}","templated":true}]}}